{"id":10024,"date":"2026-08-30T16:38:59","date_gmt":"2026-08-30T14:38:59","guid":{"rendered":"https:\/\/reseau.ccfd-terresolidaire.org\/loire-atlantique\/?p=10024"},"modified":"2026-08-30T16:39:00","modified_gmt":"2026-08-30T14:39:00","slug":"112e-journee-mondiale-du-migrant-et-du-refugie","status":"publish","type":"post","link":"https:\/\/reseau.ccfd-terresolidaire.org\/loire-atlantique\/2026\/08\/30\/112e-journee-mondiale-du-migrant-et-du-refugie\/","title":{"rendered":"112e JOURN\u00c9E MONDIALE DU MIGRANT ET DU R\u00c9FUGI\u00c9"},"content":{"rendered":"\n<p style=\"font-size:30px\"><strong><span style=\"color:#ff671f\" class=\"has-inline-color\">Le 29 septembre 2026 \u00e0 la Cocote solidaire<\/span><\/strong><\/p>\n\n\n\n<p><strong>SOIR\u00c9E \u00c0 NANTES<\/strong><\/p>\n\n\n\n<p><strong><em>SUR L\u2019\u00ceLE DE VERSAILLES<\/em><\/strong><em>\u2013 TRAM 2 ARR\u00caT SAINT-MIHIEL ou MOTTE-ROUGE<\/em><\/p>\n\n\n\n<p style=\"font-size:17px\"><span style=\"color:#ff671f\" class=\"has-inline-color\"><strong>Programme<\/strong><\/span><br><strong>18h30 AP\u00c9RO-EXPO<\/strong><br><strong>19h15 SPECTACLE <em>IN VIVO<\/em><\/strong> <strong>AVEC DAPHN\u00c9 EL PEREGRINO<\/strong><\/p>\n\n\n\n<figure class=\"wp-block-image\"><img src=\"https:\/\/ccfd-terresolidaire.org\/wp-content\/uploads\/2026\/08\/ccfd-terresolidaire.org-112e-journee-mondiale-du-migrant-et-du-refugie-daphne.png\" alt=\"\" \/><\/figure>\n\n\n\n<p><strong>20h30 BUFFET CONVIVIAL<\/strong><br><strong>22h FIN<\/strong><\/p>\n\n\n\n<p><strong>Organis\u00e9e par La Pastorale des Migrants, JRS Loire Atlantique, Secours Catholique, CCFD-Terre Solidaire<\/strong><\/p>\n\n\n\n<p><strong><a href=\"https:\/\/ccfd-terresolidaire.org\/wp-content\/uploads\/2026\/08\/ccfd-terresolidaire.org-affiche-jmmr44-2026-v4.pdf\" target=\"_blank\" rel=\"noreferrer noopener\">Voir l\u2019invitation<\/a><\/strong><\/p>\n","protected":false},"excerpt":{"rendered":"<p>Le 29 septembre 2026 \u00e0 la Cocote solidaire SOIR\u00c9E \u00c0 NANTES SUR L\u2019\u00ceLE DE VERSAILLES\u2013 TRAM 2 ARR\u00caT SAINT-MIHIEL ou MOTTE-ROUGE Programme18h30 AP\u00c9RO-EXPO19h15 SPECTACLE IN VIVO AVEC DAPHN\u00c9 EL PEREGRINO 20h30 BUFFET CONVIVIAL22h FIN Organis\u00e9e par La Pastorale des Migrants, JRS Loire Atlantique, Secours Catholique, CCFD-Terre Solidaire Voir l\u2019invitation<\/p>\n","protected":false},"author":4,"featured_media":10028,"comment_status":"closed","ping_status":"closed","sticky":false,"template":"","format":"standard","meta":[],"categories":[1,14],"tags":[],"_links":{"self":[{"href":"https:\/\/reseau.ccfd-terresolidaire.org\/loire-atlantique\/wp-json\/wp\/v2\/posts\/10024"}],"collection":[{"href":"https:\/\/reseau.ccfd-terresolidaire.org\/loire-atlantique\/wp-json\/wp\/v2\/posts"}],"about":[{"href":"https:\/\/reseau.ccfd-terresolidaire.org\/loire-atlantique\/wp-json\/wp\/v2\/types\/post"}],"author":[{"embeddable":true,"href":"https:\/\/reseau.ccfd-terresolidaire.org\/loire-atlantique\/wp-json\/wp\/v2\/users\/4"}],"replies":[{"embeddable":true,"href":"https:\/\/reseau.ccfd-terresolidaire.org\/loire-atlantique\/wp-json\/wp\/v2\/comments?post=10024"}],"version-history":[{"count":1,"href":"https:\/\/reseau.ccfd-terresolidaire.org\/loire-atlantique\/wp-json\/wp\/v2\/posts\/10024\/revisions"}],"predecessor-version":[{"id":10026,"href":"https:\/\/reseau.ccfd-terresolidaire.org\/loire-atlantique\/wp-json\/wp\/v2\/posts\/10024\/revisions\/10026"}],"wp:featuredmedia":[{"embeddable":true,"href":"https:\/\/reseau.ccfd-terresolidaire.org\/loire-atlantique\/wp-json\/wp\/v2\/media\/10028"}],"wp:attachment":[{"href":"https:\/\/reseau.ccfd-terresolidaire.org\/loire-atlantique\/wp-json\/wp\/v2\/media?parent=10024"}],"wp:term":[{"taxonomy":"category","embeddable":true,"href":"https:\/\/reseau.ccfd-terresolidaire.org\/loire-atlantique\/wp-json\/wp\/v2\/categories?post=10024"},{"taxonomy":"post_tag","embeddable":true,"href":"https:\/\/reseau.ccfd-terresolidaire.org\/loire-atlantique\/wp-json\/wp\/v2\/tags?post=10024"}],"curies":[{"name":"wp","href":"https:\/\/api.w.org\/{rel}","templated":true}]}}