{"id":10030,"date":"2026-08-30T16:50:06","date_gmt":"2026-08-30T14:50:06","guid":{"rendered":"https:\/\/reseau.ccfd-terresolidaire.org\/loire-atlantique\/?p=10030"},"modified":"2026-08-30T17:12:44","modified_gmt":"2026-08-30T15:12:44","slug":"en-finir-avec-les-idees-fausses-sur-les-migrations","status":"publish","type":"post","link":"https:\/\/reseau.ccfd-terresolidaire.org\/loire-atlantique\/2026\/08\/30\/en-finir-avec-les-idees-fausses-sur-les-migrations\/","title":{"rendered":"En finir avec les id\u00e9es fausses sur les migrations"},"content":{"rendered":"\n<p style=\"font-size:18px\"><strong><span style=\"color:#ff671f\" class=\"has-inline-color\">Une nouvelle exposition \u00e0 voir \u00e0 l&rsquo;espace solidaire<\/span><\/strong>(*) sur les migrations internationales.<\/p>\n\n\n\n<p><strong>14 Affiches pour mieux comprendre et en finir avec les id\u00e9es fausses sur les migrations.<\/strong><\/p>\n\n\n\n<p>Les politiques migratoires actuelles bafouent les droits des personnes migrantes et violent les trait\u00e9s internationaux.<br>La multiplication des murs et des contr\u00f4les s\u2019acc\u00e9l\u00e8re \u00e0 travers le monde, rendant les zones fronti\u00e8res toujours plus mortif\u00e8res.<\/p>\n\n\n\n<p>En r\u00e9ponse aux peurs et pr\u00e9jug\u00e9s qui parasitent le d\u00e9bat public, nous luttons pour que les migrations soient consid\u00e9r\u00e9es comme une richesse pour nos soci\u00e9t\u00e9s et qu\u2019elles contribuent \u00e0 b\u00e2tir un avenir commun dans notre monde globalis\u00e9.<\/p>\n\n\n\n<p>Nous d\u00e9fendons une gouvernance alternative des migrations, afin que les politiques migratoires ne soient plus l\u2019apanage des seuls \u00c9tats, mais qu\u2019elles soient cog\u00e9r\u00e9es de fa\u00e7on humaine et responsable.<br>En Afrique, en Am\u00e9rique Latine et en Europe, nous nous mobilisons aux c\u00f4t\u00e9s de nos partenaires locaux pour soutenir des initiatives innovantes et porteuses d\u2019espoir pour l\u2019accueil, la protection et la libert\u00e9 de circulation des personnes migrantes.<br>Nous encourageons les espaces de discussions, comme le Forum Social Mondial des Migrations, et les alliances entre autorit\u00e9s locales et<br>soci\u00e9t\u00e9s civiles pour des \u201cvilles accueillantes\u201d.<\/p>\n\n\n\n<p>(*) L&rsquo;espace solidaire, 17 rue du Moulin \u00e0 Nantes (face au parking Decr\u00e9) est ouvert les mardi, jeudi, vendredi de 14h \u00e0 17h30 et le mercredi de 11h \u00e0 17h30.<\/p>\n","protected":false},"excerpt":{"rendered":"<p>Une nouvelle exposition \u00e0 l&rsquo;espace solidaire sur les migrations internationales<\/p>\n","protected":false},"author":4,"featured_media":10032,"comment_status":"closed","ping_status":"closed","sticky":false,"template":"","format":"standard","meta":[],"categories":[2],"tags":[],"_links":{"self":[{"href":"https:\/\/reseau.ccfd-terresolidaire.org\/loire-atlantique\/wp-json\/wp\/v2\/posts\/10030"}],"collection":[{"href":"https:\/\/reseau.ccfd-terresolidaire.org\/loire-atlantique\/wp-json\/wp\/v2\/posts"}],"about":[{"href":"https:\/\/reseau.ccfd-terresolidaire.org\/loire-atlantique\/wp-json\/wp\/v2\/types\/post"}],"author":[{"embeddable":true,"href":"https:\/\/reseau.ccfd-terresolidaire.org\/loire-atlantique\/wp-json\/wp\/v2\/users\/4"}],"replies":[{"embeddable":true,"href":"https:\/\/reseau.ccfd-terresolidaire.org\/loire-atlantique\/wp-json\/wp\/v2\/comments?post=10030"}],"version-history":[{"count":2,"href":"https:\/\/reseau.ccfd-terresolidaire.org\/loire-atlantique\/wp-json\/wp\/v2\/posts\/10030\/revisions"}],"predecessor-version":[{"id":10046,"href":"https:\/\/reseau.ccfd-terresolidaire.org\/loire-atlantique\/wp-json\/wp\/v2\/posts\/10030\/revisions\/10046"}],"wp:featuredmedia":[{"embeddable":true,"href":"https:\/\/reseau.ccfd-terresolidaire.org\/loire-atlantique\/wp-json\/wp\/v2\/media\/10032"}],"wp:attachment":[{"href":"https:\/\/reseau.ccfd-terresolidaire.org\/loire-atlantique\/wp-json\/wp\/v2\/media?parent=10030"}],"wp:term":[{"taxonomy":"category","embeddable":true,"href":"https:\/\/reseau.ccfd-terresolidaire.org\/loire-atlantique\/wp-json\/wp\/v2\/categories?post=10030"},{"taxonomy":"post_tag","embeddable":true,"href":"https:\/\/reseau.ccfd-terresolidaire.org\/loire-atlantique\/wp-json\/wp\/v2\/tags?post=10030"}],"curies":[{"name":"wp","href":"https:\/\/api.w.org\/{rel}","templated":true}]}}