{"id":10036,"date":"2026-08-30T17:03:54","date_gmt":"2026-08-30T15:03:54","guid":{"rendered":"https:\/\/reseau.ccfd-terresolidaire.org\/loire-atlantique\/?p=10036"},"modified":"2026-08-30T17:03:55","modified_gmt":"2026-08-30T15:03:55","slug":"journee-diocesaine-du-ccfd-terre-solidaire","status":"publish","type":"post","link":"https:\/\/reseau.ccfd-terresolidaire.org\/loire-atlantique\/2026\/08\/30\/journee-diocesaine-du-ccfd-terre-solidaire\/","title":{"rendered":"Journ\u00e9e dioc\u00e9saine du CCFD-Terre Solidaire"},"content":{"rendered":"\n<p style=\"font-size:21px\">Date et lieu : Samedi 21\/11, \u00e0 Grandchamp-des-Fontaines.<\/p>\n\n\n\n<p>o <strong><span style=\"color:#ff671f\" class=\"has-inline-color\">Th\u00e8me : Comprendre la doctrine sociale de l\u2019\u00e9glise<\/span> <\/strong>(conf\u00e9rence de Marcel REMON) J\u00e9suite, docteur en sciences math\u00e9matiques (Universit\u00e9 de Namur \u2013 Belgique), math\u00e9maticien, directeur du Centre de recherche et d\u2019action sociales (CERAS), professeur \u00e0 l\u2019Universit\u00e9 de Namur (Belgique).<\/p>\n\n\n\n<p><strong>Programme provisoire<\/strong><\/p>\n\n\n\n<p>*\u00a0Conf\u00e9rence sur la doctrine sociale de l&rsquo;Eglise<\/p>\n\n\n\n<ul><li>* La mettre en \u0153uvre (ateliers)<\/li><\/ul>\n\n\n\n<ul><li>* Distribution des outils de Car\u00eame<\/li><\/ul>\n\n\n\n<ul><li>* C\u00e9l\u00e9bration<\/li><\/ul>\n\n\n\n<ul><li>* Infos diverses<\/li><\/ul>\n\n\n\n<p><\/p>\n\n\n\n<p><strong><span style=\"color:#ff671f\" class=\"has-inline-color\">Invitation \u00e0 venir prochainement<\/span><\/strong><\/p>\n","protected":false},"excerpt":{"rendered":"<p>Date et lieu : Samedi 21\/11, \u00e0 Grandchamp-des-Fontaines. o Th\u00e8me : Comprendre la doctrine sociale de l\u2019\u00e9glise (conf\u00e9rence de Marcel REMON) J\u00e9suite, docteur en sciences math\u00e9matiques (Universit\u00e9 de Namur \u2013 Belgique), math\u00e9maticien, directeur du Centre de recherche et d\u2019action sociales (CERAS), professeur \u00e0 l\u2019Universit\u00e9 de Namur (Belgique). Programme provisoire *\u00a0Conf\u00e9rence sur la doctrine sociale de&#8230;<\/p>\n","protected":false},"author":4,"featured_media":10044,"comment_status":"closed","ping_status":"closed","sticky":false,"template":"","format":"standard","meta":[],"categories":[14],"tags":[],"_links":{"self":[{"href":"https:\/\/reseau.ccfd-terresolidaire.org\/loire-atlantique\/wp-json\/wp\/v2\/posts\/10036"}],"collection":[{"href":"https:\/\/reseau.ccfd-terresolidaire.org\/loire-atlantique\/wp-json\/wp\/v2\/posts"}],"about":[{"href":"https:\/\/reseau.ccfd-terresolidaire.org\/loire-atlantique\/wp-json\/wp\/v2\/types\/post"}],"author":[{"embeddable":true,"href":"https:\/\/reseau.ccfd-terresolidaire.org\/loire-atlantique\/wp-json\/wp\/v2\/users\/4"}],"replies":[{"embeddable":true,"href":"https:\/\/reseau.ccfd-terresolidaire.org\/loire-atlantique\/wp-json\/wp\/v2\/comments?post=10036"}],"version-history":[{"count":1,"href":"https:\/\/reseau.ccfd-terresolidaire.org\/loire-atlantique\/wp-json\/wp\/v2\/posts\/10036\/revisions"}],"predecessor-version":[{"id":10040,"href":"https:\/\/reseau.ccfd-terresolidaire.org\/loire-atlantique\/wp-json\/wp\/v2\/posts\/10036\/revisions\/10040"}],"wp:featuredmedia":[{"embeddable":true,"href":"https:\/\/reseau.ccfd-terresolidaire.org\/loire-atlantique\/wp-json\/wp\/v2\/media\/10044"}],"wp:attachment":[{"href":"https:\/\/reseau.ccfd-terresolidaire.org\/loire-atlantique\/wp-json\/wp\/v2\/media?parent=10036"}],"wp:term":[{"taxonomy":"category","embeddable":true,"href":"https:\/\/reseau.ccfd-terresolidaire.org\/loire-atlantique\/wp-json\/wp\/v2\/categories?post=10036"},{"taxonomy":"post_tag","embeddable":true,"href":"https:\/\/reseau.ccfd-terresolidaire.org\/loire-atlantique\/wp-json\/wp\/v2\/tags?post=10036"}],"curies":[{"name":"wp","href":"https:\/\/api.w.org\/{rel}","templated":true}]}}