{"id":1294,"date":"2021-03-04T18:29:20","date_gmt":"2021-03-04T17:29:20","guid":{"rendered":"https:\/\/reseau.ccfd-terresolidaire.org\/loire-atlantique\/?p=1294"},"modified":"2021-03-04T18:29:20","modified_gmt":"2021-03-04T17:29:20","slug":"soiree-zoom-nous-habitons-tous-la-meme-maison","status":"publish","type":"post","link":"https:\/\/reseau.ccfd-terresolidaire.org\/loire-atlantique\/2021\/03\/04\/soiree-zoom-nous-habitons-tous-la-meme-maison\/","title":{"rendered":"Soir\u00e9e ZOOM \u00ab\u00a0nous habitons tous la m\u00eame maison\u00a0\u00bb"},"content":{"rendered":"\n<p><strong>A la paroisse Saint Gabriel sur Maine<\/strong>\u00a0: le CCFD-Terre solidaire propose une soir\u00e9e zoom dans le cadre des vendredis paroissiaux. Pour vivre ce chemin de car\u00eame, l\u2019\u00e9quipe locale CCFD-Terre solidaire vous propose\u00a0: <br><strong>Un temps fort le vendredi 19 mars \u00e0 20h00 par Visio<\/strong> (site de la paroisse)\u00a0 sur le th\u00e8me <strong><em>\u00ab\u00a0 nous habitons tous la m\u00eame maison\u00a0\u00bb<\/em><\/strong> avec un temps de r\u00e9flexion, d\u2019\u00e9change, de partage.<\/p>\n\n\n\n<div class=\"wp-block-group\"><div class=\"wp-block-group__inner-container\">\n<p class=\"has-text-align-center\"><img loading=\"lazy\" width=\"1200\" height=\"900\" class=\"wp-image-1297\" style=\"width: 412px\" src=\"https:\/\/reseau.ccfd-terresolidaire.org\/loire-atlantique\/wp-content\/uploads\/sites\/2\/2021\/03\/IMG_5169.jpg\" alt=\"\" srcset=\"https:\/\/reseau.ccfd-terresolidaire.org\/loire-atlantique\/wp-content\/uploads\/sites\/2\/2021\/03\/IMG_5169.jpg 1200w, https:\/\/reseau.ccfd-terresolidaire.org\/loire-atlantique\/wp-content\/uploads\/sites\/2\/2021\/03\/IMG_5169-300x225.jpg 300w, https:\/\/reseau.ccfd-terresolidaire.org\/loire-atlantique\/wp-content\/uploads\/sites\/2\/2021\/03\/IMG_5169-1024x768.jpg 1024w, https:\/\/reseau.ccfd-terresolidaire.org\/loire-atlantique\/wp-content\/uploads\/sites\/2\/2021\/03\/IMG_5169-768x576.jpg 768w\" sizes=\"(max-width: 1200px) 100vw, 1200px\" \/><\/p>\n\n\n\n<p class=\"has-text-align-left\">Au programm\u00e9 la vid\u00e9o <em>Laudato si<\/em> pour les enfants, puis un temps de r\u00e9action, un quiz sur le th\u00e8me \u00ab\u00a0dans notre maison commune (la terre), si nous sommes 100 personnes, combien de femmes et d&rsquo;hommes, combien ont moins de 25 ans etc&#8230;.<\/p>\n<\/div><\/div>\n\n\n\n<p>Nous visionnerons ensuite les paroles d\u2019un partenaire du Congo et terminerons par la pri\u00e8re de Fran\u00e7ois propos\u00e9e sur le cahier d&rsquo;animation du CCFD-Terre Solidaire. Pour ceux qui n\u2019ont pas internet, nous leur remettrons en fin de c\u00e9l\u00e9bration du dimanche le feuillet 4 pages &#8211; <a href=\"https:\/\/reseau.ccfd-terresolidaire.org\/loire-atlantique\/wp-content\/uploads\/sites\/2\/2021\/03\/4pagesCCFD2021careme.pdf\" target=\"_blank\" rel=\"noreferrer noopener\">cliquez ici.<\/a><\/p>\n\n\n\n<p>Bien s\u00fbr, nous animerons le 5\u00e8me dimanche dans deux ou trois \u00e9glises du secteur.<\/p>\n\n\n\n<p><\/p>\n\n\n\n<p>Michel B.<\/p>\n","protected":false},"excerpt":{"rendered":"<p>A la paroisse Saint Gabriel sur Maine : le CCFD-Terre solidaire propose une soir\u00e9e zoom dans le cadre des vendredis paroissiaux.<\/p>\n","protected":false},"author":2,"featured_media":1296,"comment_status":"closed","ping_status":"closed","sticky":false,"template":"","format":"standard","meta":[],"categories":[1],"tags":[],"_links":{"self":[{"href":"https:\/\/reseau.ccfd-terresolidaire.org\/loire-atlantique\/wp-json\/wp\/v2\/posts\/1294"}],"collection":[{"href":"https:\/\/reseau.ccfd-terresolidaire.org\/loire-atlantique\/wp-json\/wp\/v2\/posts"}],"about":[{"href":"https:\/\/reseau.ccfd-terresolidaire.org\/loire-atlantique\/wp-json\/wp\/v2\/types\/post"}],"author":[{"embeddable":true,"href":"https:\/\/reseau.ccfd-terresolidaire.org\/loire-atlantique\/wp-json\/wp\/v2\/users\/2"}],"replies":[{"embeddable":true,"href":"https:\/\/reseau.ccfd-terresolidaire.org\/loire-atlantique\/wp-json\/wp\/v2\/comments?post=1294"}],"version-history":[{"count":5,"href":"https:\/\/reseau.ccfd-terresolidaire.org\/loire-atlantique\/wp-json\/wp\/v2\/posts\/1294\/revisions"}],"predecessor-version":[{"id":1302,"href":"https:\/\/reseau.ccfd-terresolidaire.org\/loire-atlantique\/wp-json\/wp\/v2\/posts\/1294\/revisions\/1302"}],"wp:featuredmedia":[{"embeddable":true,"href":"https:\/\/reseau.ccfd-terresolidaire.org\/loire-atlantique\/wp-json\/wp\/v2\/media\/1296"}],"wp:attachment":[{"href":"https:\/\/reseau.ccfd-terresolidaire.org\/loire-atlantique\/wp-json\/wp\/v2\/media?parent=1294"}],"wp:term":[{"taxonomy":"category","embeddable":true,"href":"https:\/\/reseau.ccfd-terresolidaire.org\/loire-atlantique\/wp-json\/wp\/v2\/categories?post=1294"},{"taxonomy":"post_tag","embeddable":true,"href":"https:\/\/reseau.ccfd-terresolidaire.org\/loire-atlantique\/wp-json\/wp\/v2\/tags?post=1294"}],"curies":[{"name":"wp","href":"https:\/\/api.w.org\/{rel}","templated":true}]}}