{"id":1554,"date":"2021-06-05T11:31:48","date_gmt":"2021-06-05T09:31:48","guid":{"rendered":"https:\/\/reseau.ccfd-terresolidaire.org\/loire-atlantique\/?p=1554"},"modified":"2021-06-05T11:31:49","modified_gmt":"2021-06-05T09:31:49","slug":"venez-feter-les-60-ans-avec-nous","status":"publish","type":"post","link":"https:\/\/reseau.ccfd-terresolidaire.org\/loire-atlantique\/2021\/06\/05\/venez-feter-les-60-ans-avec-nous\/","title":{"rendered":"Venez f\u00eater les 60 ans avec nous"},"content":{"rendered":"\n<p><strong><span style=\"color:#0038a3\" class=\"has-inline-color\">Le samedi 26 juin de 14h \u00e0 18h, nous vous proposons de venir f\u00eater les 60 ans du CCFD-Terre Solidaire avec nous \u00e0 l&rsquo;Espace Solidaire, 17 rue du Moulin \u00e0 Nantes.<\/span><\/strong><\/p>\n\n\n\n<p><strong>Grande tombola avec de nombreux lots \u00e0 gagner<\/strong> (un voyage pour 2 personnes, v\u00e9los \u00e9lectriques, VTT, semaine au camping \u00e9covillage, une semaine dans un g\u00eete en Aveyron etc&#8230;), <strong>animations jeux, quizz sur l&rsquo;agro\u00e9cologie, exposition, vid\u00e9os en continu&#8230;<\/strong><\/p>\n\n\n\n<p>Une tombola pour <strong><span style=\"color:#0038a3\" class=\"has-inline-color\">financer des initiatives agro\u00e9cologiques<\/span><\/strong> et permettre l&rsquo;\u00e9change de bonnes pratiques entre les acteurs locaux. Relier les femmes et les hommes de nos 29 organisations partenaires permet de mener \u00e0 l&rsquo;\u00e9chelle mondiale un projet de transition vers une agro\u00e9cologie paysanne. L&rsquo;id\u00e9e \u00e9tant que cette agriculture, respectueuse de la plan\u00e8te, remplace petit \u00e0 petit les agricultures intensives.<\/p>\n\n\n\n<p>Au Timor Leste par exemple, l\u2019association Permatil, un de nos partenaires locaux, est charg\u00e9e d\u2019installer des jardins cultiv\u00e9s en permaculture dans toutes les \u00e9coles. Ainsi, les enfants ne se contentent plus de s\u2019asseoir sur les bancs des salles de classe. Ils d\u00e9couvrent aussi l\u2019attention \u00e0 la nature, \u00e0 la nutrition, aux g\u00e9n\u00e9rations futures.<\/p>\n\n\n\n<p>Au nord du Burkina Faso, l\u2019association Aprossa Afrique verte rel\u00e8ve quant \u00e0 elle de nouveaux d\u00e9fis dans son accompagnement des organisations paysannes vers l\u2019agro\u00e9cologie et travaille notamment sur l\u2019adaptation des cultures aux d\u00e9r\u00e8glements climatiques.<\/p>\n\n\n\n<p>Pour plus d\u2019informations, rendez-vous sur notre site : <a href=\"https:\/\/ccfd-terresolidaire.org\/projets\/projets-transnationaux\/un-programme-mondial-de\/\">ccfd-terresolidaire.org\/projets\/projets-transnationaux\/un-programme-mondial-de\/<\/a><\/p>\n\n\n\n<p><\/p>\n","protected":false},"excerpt":{"rendered":"<p>Venez f\u00eater les 60 ans du CCFD-Terre Solidaire avec nous le samedi 26 juin de 14h \u00e0 18h \u00e0 l&rsquo;Espace Solidaire, 17 rue du Moulin \u00e0 Nantes.<\/p>\n","protected":false},"author":2,"featured_media":1555,"comment_status":"closed","ping_status":"closed","sticky":false,"template":"","format":"standard","meta":[],"categories":[1,2],"tags":[],"_links":{"self":[{"href":"https:\/\/reseau.ccfd-terresolidaire.org\/loire-atlantique\/wp-json\/wp\/v2\/posts\/1554"}],"collection":[{"href":"https:\/\/reseau.ccfd-terresolidaire.org\/loire-atlantique\/wp-json\/wp\/v2\/posts"}],"about":[{"href":"https:\/\/reseau.ccfd-terresolidaire.org\/loire-atlantique\/wp-json\/wp\/v2\/types\/post"}],"author":[{"embeddable":true,"href":"https:\/\/reseau.ccfd-terresolidaire.org\/loire-atlantique\/wp-json\/wp\/v2\/users\/2"}],"replies":[{"embeddable":true,"href":"https:\/\/reseau.ccfd-terresolidaire.org\/loire-atlantique\/wp-json\/wp\/v2\/comments?post=1554"}],"version-history":[{"count":1,"href":"https:\/\/reseau.ccfd-terresolidaire.org\/loire-atlantique\/wp-json\/wp\/v2\/posts\/1554\/revisions"}],"predecessor-version":[{"id":1556,"href":"https:\/\/reseau.ccfd-terresolidaire.org\/loire-atlantique\/wp-json\/wp\/v2\/posts\/1554\/revisions\/1556"}],"wp:featuredmedia":[{"embeddable":true,"href":"https:\/\/reseau.ccfd-terresolidaire.org\/loire-atlantique\/wp-json\/wp\/v2\/media\/1555"}],"wp:attachment":[{"href":"https:\/\/reseau.ccfd-terresolidaire.org\/loire-atlantique\/wp-json\/wp\/v2\/media?parent=1554"}],"wp:term":[{"taxonomy":"category","embeddable":true,"href":"https:\/\/reseau.ccfd-terresolidaire.org\/loire-atlantique\/wp-json\/wp\/v2\/categories?post=1554"},{"taxonomy":"post_tag","embeddable":true,"href":"https:\/\/reseau.ccfd-terresolidaire.org\/loire-atlantique\/wp-json\/wp\/v2\/tags?post=1554"}],"curies":[{"name":"wp","href":"https:\/\/api.w.org\/{rel}","templated":true}]}}