{"id":2014,"date":"2021-08-27T17:17:44","date_gmt":"2021-08-27T15:17:44","guid":{"rendered":"https:\/\/reseau.ccfd-terresolidaire.org\/loire-atlantique\/?p=2014"},"modified":"2021-08-27T17:17:45","modified_gmt":"2021-08-27T15:17:45","slug":"ou-va-notre-terre-table-ronde-retransmise-en-direct-de-lourdes-et-animee-par-laurent-grzybowski","status":"publish","type":"post","link":"https:\/\/reseau.ccfd-terresolidaire.org\/loire-atlantique\/2021\/08\/27\/ou-va-notre-terre-table-ronde-retransmise-en-direct-de-lourdes-et-animee-par-laurent-grzybowski\/","title":{"rendered":"O\u00f9 va notre terre ? Table-ronde retransmise en direct de Lourdes et anim\u00e9e par Laurent GRZYBOWSKI"},"content":{"rendered":"\n<p><strong><span style=\"color:#0038a3\" class=\"has-inline-color\">Conf\u00e9rence d\u00e9bat \u00e0 Lourdes&nbsp;: o\u00f9 va la terre&nbsp;? <br>Mardi 7 septembre 14:00-16:00 H\u00e9micycle, sanctuaire Notre Dame de Lourdes<\/span><\/strong><\/p>\n\n\n\n<p>Dans la perspective de la COP 26, le CCFD-Terre Solidaire organise en direct de Lourdes une table-ronde anim\u00e9e par Laurent GRZYBOWSKI, journaliste \u00e0 l\u2019hebdomadaire La Vie autour du th\u00e8me \u00ab\u00a0O\u00f9 va notre terre, ensemble agissons pour plus de justice climatique\u00a0\u00bb\u00a0:<br><img loading=\"lazy\" width=\"7\" height=\"12\" src=\"https:\/\/ccfd-terresolidaire.org\/local\/cache-vignettes\/L7xH12\/puce-cebf5.gif?1617961981\" alt=\"-\">\u00a0Comment ne pas prendre conscience que notre lien \u00e0 la nature n\u2019est pas un lien de domination, mais d\u2019interd\u00e9pendance\u00a0?<br><img loading=\"lazy\" width=\"7\" height=\"12\" src=\"https:\/\/ccfd-terresolidaire.org\/local\/cache-vignettes\/L7xH12\/puce-cebf5.gif?1617961981\" alt=\"-\">\u00a0Comment ne pas admettre que nous avons envisag\u00e9 trop longtemps les dons de ce monde comme des biens mat\u00e9riels que nous pouvions exploiter \u00e0 l\u2019infini, pris au pi\u00e8ge d\u2019un consum\u00e9risme exacerb\u00e9\u00a0?<br><img loading=\"lazy\" width=\"7\" height=\"12\" src=\"https:\/\/ccfd-terresolidaire.org\/local\/cache-vignettes\/L7xH12\/puce-cebf5.gif?1617961981\" alt=\"-\">\u00a0Pourquoi les premi\u00e8res victimes de cette catastrophe sont les populations les plus vuln\u00e9rables\u00a0?<\/p>\n\n\n\n<h3>Intervenants&nbsp;:<\/h3>\n\n\n\n<p>Menotti BOTTAZZI \u2013 ancien Secr\u00e9taire g\u00e9n\u00e9ral du CCFD<br>Alexandre CARLIER, directeur de l\u2019ASBL \u00ab&nbsp;Racynes&nbsp;\u00bb &#8211; Belgique<br>Vincent FONVIEILLE &#8211; Fondateur et dirigeant de La Balagu\u00e8re, Pr\u00e9sident de l\u2019association ATR (Agir pour un Tourisme Responsable) \u2013 Occitanie<br>P\u00e8re Bertrand GOURNAY \u2013 Aum\u00f4nier national du CCFD-Terre Solidaire<br>A\u00efcha KROMBI -Association Terre et Humanisme &#8211; Maroc<br>Michel MOLITOR &#8211; Pr\u00e9sident d\u2019Entraide et Fraternit\u00e9\/Vivre Ensemble \u2013 Belgique<br>Adolphe MUBEMBE SHEMIGANI &#8211; membre du Comit\u00e9 des paysans pour la navigation et l\u2019agriculture \u2013 R\u00e9publique D\u00e9mocratique du Congo<br>Mgr Olivier RIBADEAU &#8211; DUMAS \u2013 Recteur du sanctuaire Notre Dame de Lourdes<\/p>\n\n\n\n<p><strong>Pour en savoir plus <a href=\"https:\/\/reseau.ccfd-terresolidaire.org\/loire-atlantique\/wp-content\/uploads\/sites\/2\/2021\/08\/dossier_de_presse_-_lourdes_-_60_ans_-.pdf\" target=\"_blank\" rel=\"noreferrer noopener\">t\u00e9l\u00e9chargez le dossier de presse\u00a0:<\/a><\/strong><\/p>\n","protected":false},"excerpt":{"rendered":"<p>O\u00f9 va notre terre ? Table-ronde retransmise en direct de Lourdes et anim\u00e9e par Laurent Grzybowski&#8230;<\/p>\n","protected":false},"author":2,"featured_media":2015,"comment_status":"closed","ping_status":"closed","sticky":false,"template":"","format":"standard","meta":[],"categories":[1],"tags":[],"_links":{"self":[{"href":"https:\/\/reseau.ccfd-terresolidaire.org\/loire-atlantique\/wp-json\/wp\/v2\/posts\/2014"}],"collection":[{"href":"https:\/\/reseau.ccfd-terresolidaire.org\/loire-atlantique\/wp-json\/wp\/v2\/posts"}],"about":[{"href":"https:\/\/reseau.ccfd-terresolidaire.org\/loire-atlantique\/wp-json\/wp\/v2\/types\/post"}],"author":[{"embeddable":true,"href":"https:\/\/reseau.ccfd-terresolidaire.org\/loire-atlantique\/wp-json\/wp\/v2\/users\/2"}],"replies":[{"embeddable":true,"href":"https:\/\/reseau.ccfd-terresolidaire.org\/loire-atlantique\/wp-json\/wp\/v2\/comments?post=2014"}],"version-history":[{"count":3,"href":"https:\/\/reseau.ccfd-terresolidaire.org\/loire-atlantique\/wp-json\/wp\/v2\/posts\/2014\/revisions"}],"predecessor-version":[{"id":2019,"href":"https:\/\/reseau.ccfd-terresolidaire.org\/loire-atlantique\/wp-json\/wp\/v2\/posts\/2014\/revisions\/2019"}],"wp:featuredmedia":[{"embeddable":true,"href":"https:\/\/reseau.ccfd-terresolidaire.org\/loire-atlantique\/wp-json\/wp\/v2\/media\/2015"}],"wp:attachment":[{"href":"https:\/\/reseau.ccfd-terresolidaire.org\/loire-atlantique\/wp-json\/wp\/v2\/media?parent=2014"}],"wp:term":[{"taxonomy":"category","embeddable":true,"href":"https:\/\/reseau.ccfd-terresolidaire.org\/loire-atlantique\/wp-json\/wp\/v2\/categories?post=2014"},{"taxonomy":"post_tag","embeddable":true,"href":"https:\/\/reseau.ccfd-terresolidaire.org\/loire-atlantique\/wp-json\/wp\/v2\/tags?post=2014"}],"curies":[{"name":"wp","href":"https:\/\/api.w.org\/{rel}","templated":true}]}}