{"id":2617,"date":"2022-02-28T14:42:28","date_gmt":"2022-02-28T13:42:28","guid":{"rendered":"https:\/\/reseau.ccfd-terresolidaire.org\/loire-atlantique\/?p=2617"},"modified":"2022-02-28T14:42:30","modified_gmt":"2022-02-28T13:42:30","slug":"les-outils-de-careme-en-ligne","status":"publish","type":"post","link":"https:\/\/reseau.ccfd-terresolidaire.org\/loire-atlantique\/2022\/02\/28\/les-outils-de-careme-en-ligne\/","title":{"rendered":"Les outils de Car\u00eame en ligne"},"content":{"rendered":"\n<p><strong>Pour animer le car\u00eame 2022, retrouvez notre<\/strong> <strong>cahier d\u2019animation liturgique avec des propositions pour les c\u00e9l\u00e9brations du mercredi des cendre et des cinq premiers dimanche de car\u00eame. Nous mettons \u00e9galement \u00e0 disposition un livret spirituel, et un cahier d\u2019animation \u00e0 la solidarit\u00e9 internationale<\/strong>.<\/p>\n\n\n\n<p><strong>Voir tous les outils en cliquant<\/strong> <a href=\"https:\/\/ccfd-terresolidaire.org\/animer-le-careme-2022\/\">ici<\/a><\/p>\n","protected":false},"excerpt":{"rendered":"<p>Pour animer le Car\u00eame 2022, retrouvez le cahier d&rsquo;animation liturgique, le cahier d&rsquo;animation et le livret spirituel.<\/p>\n","protected":false},"author":2,"featured_media":2618,"comment_status":"closed","ping_status":"closed","sticky":false,"template":"","format":"standard","meta":[],"categories":[14],"tags":[],"_links":{"self":[{"href":"https:\/\/reseau.ccfd-terresolidaire.org\/loire-atlantique\/wp-json\/wp\/v2\/posts\/2617"}],"collection":[{"href":"https:\/\/reseau.ccfd-terresolidaire.org\/loire-atlantique\/wp-json\/wp\/v2\/posts"}],"about":[{"href":"https:\/\/reseau.ccfd-terresolidaire.org\/loire-atlantique\/wp-json\/wp\/v2\/types\/post"}],"author":[{"embeddable":true,"href":"https:\/\/reseau.ccfd-terresolidaire.org\/loire-atlantique\/wp-json\/wp\/v2\/users\/2"}],"replies":[{"embeddable":true,"href":"https:\/\/reseau.ccfd-terresolidaire.org\/loire-atlantique\/wp-json\/wp\/v2\/comments?post=2617"}],"version-history":[{"count":2,"href":"https:\/\/reseau.ccfd-terresolidaire.org\/loire-atlantique\/wp-json\/wp\/v2\/posts\/2617\/revisions"}],"predecessor-version":[{"id":2621,"href":"https:\/\/reseau.ccfd-terresolidaire.org\/loire-atlantique\/wp-json\/wp\/v2\/posts\/2617\/revisions\/2621"}],"wp:featuredmedia":[{"embeddable":true,"href":"https:\/\/reseau.ccfd-terresolidaire.org\/loire-atlantique\/wp-json\/wp\/v2\/media\/2618"}],"wp:attachment":[{"href":"https:\/\/reseau.ccfd-terresolidaire.org\/loire-atlantique\/wp-json\/wp\/v2\/media?parent=2617"}],"wp:term":[{"taxonomy":"category","embeddable":true,"href":"https:\/\/reseau.ccfd-terresolidaire.org\/loire-atlantique\/wp-json\/wp\/v2\/categories?post=2617"},{"taxonomy":"post_tag","embeddable":true,"href":"https:\/\/reseau.ccfd-terresolidaire.org\/loire-atlantique\/wp-json\/wp\/v2\/tags?post=2617"}],"curies":[{"name":"wp","href":"https:\/\/api.w.org\/{rel}","templated":true}]}}