{"id":3047,"date":"2022-07-08T11:00:18","date_gmt":"2022-07-08T09:00:18","guid":{"rendered":"https:\/\/reseau.ccfd-terresolidaire.org\/loire-atlantique\/?p=3047"},"modified":"2022-07-08T11:01:27","modified_gmt":"2022-07-08T09:01:27","slug":"un-cine-debat-sur-les-parcours-de-migration","status":"publish","type":"post","link":"https:\/\/reseau.ccfd-terresolidaire.org\/loire-atlantique\/2022\/07\/08\/un-cine-debat-sur-les-parcours-de-migration\/","title":{"rendered":"Un Cin\u00e9-d\u00e9bat sur les parcours de migration"},"content":{"rendered":"\n<p>Le 10 juin 2022 \u00e0 l\u2019Espace Solidaire de Nantes, une soir\u00e9e cin\u00e9 d\u00e9bat sur la r\u00e9alit\u00e9 des parcours de migration a permis de mieux comprendre ce que vivent les migrants, ainsi que l&rsquo;engagement du CCFD-Terre Solidaire.<\/p>\n\n\n\n<p>Apr\u00e8s un film \u2018\u2019 Plong\u00e9 dans le noir \u2018\u2019&nbsp; r\u00e9alis\u00e9 par des jeunes mineurs non accompagn\u00e9s arriv\u00e9s en France, qui parlent de leur exp\u00e9rience, nous avons pu \u00e9couter les t\u00e9moignages \u00e9mouvants de Ferdinand et Lojein qui sont actuellement dans la r\u00e9gion et actifs dans l\u2019\u00e9quipe d\u2019animation du cin\u00e9 d\u00e9bat. Ils ont pu \u00e9clairer les questions&nbsp;: pourquoi partir, comment vivre durant la migration, vivre la pr\u00e9carit\u00e9 et l\u2019attente, partir de son pays pour \u2018\u2019 survivre \u2018\u2019 et \u2018\u2019 vivre \u2018\u2019.<\/p>\n\n\n\n<p>Ces deux t\u00e9moignages \u00e9clairaient bien les choix d\u2019actions du CCCF-Terre Solidaire sur la r\u00e9alit\u00e9 des migrations internationales. Un \u00e9clairage d&rsquo;Herv\u00e9 sur l&rsquo;engagement du CCFD-Terre Solidaire a compl\u00e9t\u00e9 ces t\u00e9moignages : \u00e9clairage structur\u00e9, fort int\u00e9ressant. Son expertise sur le sujet a \u00e9t\u00e9 fort appr\u00e9ci\u00e9 de tous.<\/p>\n\n\n\n<p>N\u2019h\u00e9sitez pas \u00e0 aller voir sur le site national le <a href=\"https:\/\/ccfd-terresolidaire.org\/combat\/migrations-internationales\/\">programme d\u2019action sur les migrations internationales<\/a>.<\/p>\n\n\n\n<div class=\"wp-block-group\"><div class=\"wp-block-group__inner-container\">\n<div class=\"wp-block-columns\">\n<div class=\"wp-block-column\" style=\"flex-basis:33.34%\">\n<figure class=\"wp-block-image size-large is-resized\"><img loading=\"lazy\" src=\"https:\/\/reseau.ccfd-terresolidaire.org\/loire-atlantique\/wp-content\/uploads\/sites\/2\/2022\/07\/20220610_215111.jpg\" alt=\"\" class=\"wp-image-3050\" width=\"379\" height=\"505\" srcset=\"https:\/\/reseau.ccfd-terresolidaire.org\/loire-atlantique\/wp-content\/uploads\/sites\/2\/2022\/07\/20220610_215111.jpg 709w, https:\/\/reseau.ccfd-terresolidaire.org\/loire-atlantique\/wp-content\/uploads\/sites\/2\/2022\/07\/20220610_215111-225x300.jpg 225w\" sizes=\"(max-width: 379px) 100vw, 379px\" \/><\/figure>\n\n\n\n<p><\/p>\n<\/div>\n\n\n\n<div class=\"wp-block-column\" style=\"flex-basis:33.34%\">\n<figure class=\"wp-block-image size-large\"><img loading=\"lazy\" width=\"567\" height=\"756\" src=\"https:\/\/reseau.ccfd-terresolidaire.org\/loire-atlantique\/wp-content\/uploads\/sites\/2\/2022\/07\/20220610_215845.jpg\" alt=\"\" class=\"wp-image-3051\" srcset=\"https:\/\/reseau.ccfd-terresolidaire.org\/loire-atlantique\/wp-content\/uploads\/sites\/2\/2022\/07\/20220610_215845.jpg 567w, https:\/\/reseau.ccfd-terresolidaire.org\/loire-atlantique\/wp-content\/uploads\/sites\/2\/2022\/07\/20220610_215845-225x300.jpg 225w\" sizes=\"(max-width: 567px) 100vw, 567px\" \/><\/figure>\n<\/div>\n\n\n\n<div class=\"wp-block-column\" style=\"flex-basis:33.33%\">\n<figure class=\"wp-block-image size-large\"><img loading=\"lazy\" width=\"709\" height=\"811\" src=\"https:\/\/reseau.ccfd-terresolidaire.org\/loire-atlantique\/wp-content\/uploads\/sites\/2\/2022\/07\/20220610_215048.jpg\" alt=\"\" class=\"wp-image-3052\" srcset=\"https:\/\/reseau.ccfd-terresolidaire.org\/loire-atlantique\/wp-content\/uploads\/sites\/2\/2022\/07\/20220610_215048.jpg 709w, https:\/\/reseau.ccfd-terresolidaire.org\/loire-atlantique\/wp-content\/uploads\/sites\/2\/2022\/07\/20220610_215048-262x300.jpg 262w\" sizes=\"(max-width: 709px) 100vw, 709px\" \/><\/figure>\n<\/div>\n<\/div>\n<\/div><\/div>\n","protected":false},"excerpt":{"rendered":"<p>Le 10 juin 2022 \u00e0 l\u2019Espace Solidaire de Nantes, une soir\u00e9e cin\u00e9 d\u00e9bat sur la r\u00e9alit\u00e9 des parcours de migration a permis de mieux comprendre ce que vivent les migrants, ainsi que l&rsquo;engagement du CCFD-Terre Solidaire. Apr\u00e8s un film \u2018\u2019 Plong\u00e9 dans le noir \u2018\u2019&nbsp; r\u00e9alis\u00e9 par des jeunes mineurs non accompagn\u00e9s arriv\u00e9s en France,&#8230;<\/p>\n","protected":false},"author":4,"featured_media":3048,"comment_status":"closed","ping_status":"closed","sticky":false,"template":"","format":"standard","meta":[],"categories":[1,2],"tags":[],"_links":{"self":[{"href":"https:\/\/reseau.ccfd-terresolidaire.org\/loire-atlantique\/wp-json\/wp\/v2\/posts\/3047"}],"collection":[{"href":"https:\/\/reseau.ccfd-terresolidaire.org\/loire-atlantique\/wp-json\/wp\/v2\/posts"}],"about":[{"href":"https:\/\/reseau.ccfd-terresolidaire.org\/loire-atlantique\/wp-json\/wp\/v2\/types\/post"}],"author":[{"embeddable":true,"href":"https:\/\/reseau.ccfd-terresolidaire.org\/loire-atlantique\/wp-json\/wp\/v2\/users\/4"}],"replies":[{"embeddable":true,"href":"https:\/\/reseau.ccfd-terresolidaire.org\/loire-atlantique\/wp-json\/wp\/v2\/comments?post=3047"}],"version-history":[{"count":3,"href":"https:\/\/reseau.ccfd-terresolidaire.org\/loire-atlantique\/wp-json\/wp\/v2\/posts\/3047\/revisions"}],"predecessor-version":[{"id":3054,"href":"https:\/\/reseau.ccfd-terresolidaire.org\/loire-atlantique\/wp-json\/wp\/v2\/posts\/3047\/revisions\/3054"}],"wp:featuredmedia":[{"embeddable":true,"href":"https:\/\/reseau.ccfd-terresolidaire.org\/loire-atlantique\/wp-json\/wp\/v2\/media\/3048"}],"wp:attachment":[{"href":"https:\/\/reseau.ccfd-terresolidaire.org\/loire-atlantique\/wp-json\/wp\/v2\/media?parent=3047"}],"wp:term":[{"taxonomy":"category","embeddable":true,"href":"https:\/\/reseau.ccfd-terresolidaire.org\/loire-atlantique\/wp-json\/wp\/v2\/categories?post=3047"},{"taxonomy":"post_tag","embeddable":true,"href":"https:\/\/reseau.ccfd-terresolidaire.org\/loire-atlantique\/wp-json\/wp\/v2\/tags?post=3047"}],"curies":[{"name":"wp","href":"https:\/\/api.w.org\/{rel}","templated":true}]}}