{"id":3066,"date":"2022-08-27T16:22:38","date_gmt":"2022-08-27T14:22:38","guid":{"rendered":"https:\/\/reseau.ccfd-terresolidaire.org\/loire-atlantique\/?p=3066"},"modified":"2022-08-27T17:22:45","modified_gmt":"2022-08-27T15:22:45","slug":"la-secheresse-frappe-aux-4-coins-du-monde","status":"publish","type":"post","link":"https:\/\/reseau.ccfd-terresolidaire.org\/loire-atlantique\/2022\/08\/27\/la-secheresse-frappe-aux-4-coins-du-monde\/","title":{"rendered":"La s\u00e9cheresse frappe aux 4 coins du monde"},"content":{"rendered":"\n<p class=\"has-medium-font-size\"><\/p>\n\n\n\n<p><strong>\u00a9 Roberta Valerio \/ <\/strong>CCFD-Terre Solidaire<br><strong><span style=\"color:#ff6730\" class=\"has-inline-color\">Une nouvelle exposition \u00e0 l&rsquo;Espace Solidaire \u00e0 partir du 1er septembre.<\/span><\/strong><\/p>\n\n\n\n<p>La s\u00e9cheresse menace la souverainet\u00e9 alimentaire, ass\u00e8che les cours d\u2019eau, d\u00e9clenche des feux de for\u00eats toujours plus incontr\u00f4lables et menace la survie des populations. Combien de peuples encore la s\u00e9cheresse devra-t-elle d\u00e9raciner avant que nos \u00c9tats ne prennent la mesure de l\u2019inaction climatique ? Au CCFD-Terre Solidaire nous plaidons et nous agissons pour une transition vers un mod\u00e8le de production et de consommation plus responsable et durable.<\/p>\n\n\n\n<p class=\"has-medium-font-size\"><strong><span style=\"color:#ff6720\" class=\"has-inline-color\">Aux quatre coins du monde, la crise climatique s\u2019acc\u00e9l\u00e8re !<\/span><\/strong><\/p>\n\n\n\n<p>En Bolivie, le lac Poop\u00f3 a compl\u00e8tement disparu \u00e0 cause de la chaleur et de la surexploitation industrielle et agricole. Dor\u00e9navant enclav\u00e9s dans un d\u00e9sert de sel, les Uros (\u201cpeuple de l\u2019eau\u201d) ont perdu leur moyen de subsistance et leur identit\u00e9.&nbsp;Dans la <a href=\"https:\/\/ccfd-terresolidaire.org\/ethiopie-grave-crise-alimentaire-secheresse-conflits-hausse-des-prix\/\" target=\"_blank\" rel=\"noreferrer noopener\">Corne de l\u2019Afrique<\/a> et au Sahel, les populations sont aux prises de ce que l\u2019ONU a qualifi\u00e9 de \u201cpire s\u00e9cheresse depuis plus de quatre d\u00e9cennies\u201d. <a href=\"https:\/\/ccfd-terresolidaire.org\/chaleur-extreme-linde-etouffe-jeudiphoto\/\" target=\"_blank\" rel=\"noreferrer noopener\">En Inde et au Pakistan<\/a>, les populations meurent litt\u00e9ralement de chaud sous des temp\u00e9ratures record. En <a href=\"https:\/\/ccfd-terresolidaire.org\/journee-contre-la-secheresse-tunisie-un-pays-assoiffe-jeudiphoto\/\" target=\"_blank\" rel=\"noreferrer noopener\">Tunisie<\/a> ou au <a href=\"https:\/\/ccfd-terresolidaire.org\/maroc-lagroecologie-pour-lutter-contre-la-secheresse-jeudiphoto\/\" target=\"_blank\" rel=\"noreferrer noopener\">Maroc<\/a>, les communaut\u00e9s agricoles peinent \u00e0 abreuver leurs champs.&nbsp;La situation s\u2019aggrave \u00e9galement dans les pays occidentaux. Au Canada, le manque de pluie a d\u00e9truit de nombreuses r\u00e9coltes en Ontario. Confront\u00e9e \u00e0 une canicule extr\u00eame, la moiti\u00e9 de l\u2019Europe est expos\u00e9e \u00e0 des risques de s\u00e9cheresse. L\u2019Italie, la France ou encore la p\u00e9ninsule ib\u00e9rique se pr\u00e9parent \u00e0 de grosses pertes agricoles.&nbsp;<\/p>\n\n\n\n<p class=\"has-medium-font-size\"><span style=\"color:#ff6720\" class=\"has-inline-color\"><strong>12 Affiches avec de magnifiques photos et quelques l\u00e9gendes explicatives<\/strong><\/span>&nbsp;: <br>exemple -les marais m\u00e9sopotamiens : un&nbsp;petit bout de paradis connu comme le \u201cJardin d\u2019\u00c9den\u201d, tr\u00e9sor multimill\u00e9naire, class\u00e9 au patrimoine mondial de l\u2019UNESCO, est aujourd\u2019hui menac\u00e9 de dispara\u00eetre.<\/p>\n\n\n\n<p class=\"has-medium-font-size\"><strong><span style=\"color:#ff6720\" class=\"has-inline-color\">Venez d\u00e9couvrir ces photos \u00e0 l\u2019espace solidaire, 17 rue du Moulin \u00e0 Nantes.<\/span><\/strong><\/p>\n","protected":false},"excerpt":{"rendered":"<p>La s\u00e9cheresse menace la souverainet\u00e9 alimentaire, ass\u00e8che les cours d\u2019eau, d\u00e9clenche des feux de for\u00eats toujours plus incontr\u00f4lables et menace la survie des populations. Combien de peuples encore la s\u00e9cheresse devra-t-elle d\u00e9raciner avant que nos \u00c9tats ne prennent la mesure de l\u2019inaction climatique ? Au CCFD-Terre Solidaire nous plaidons et nous agissons pour une transition vers un mod\u00e8le de production et de consommation plus responsable et durable.<\/p>\n","protected":false},"author":2,"featured_media":3067,"comment_status":"closed","ping_status":"closed","sticky":false,"template":"","format":"standard","meta":[],"categories":[1,2],"tags":[],"_links":{"self":[{"href":"https:\/\/reseau.ccfd-terresolidaire.org\/loire-atlantique\/wp-json\/wp\/v2\/posts\/3066"}],"collection":[{"href":"https:\/\/reseau.ccfd-terresolidaire.org\/loire-atlantique\/wp-json\/wp\/v2\/posts"}],"about":[{"href":"https:\/\/reseau.ccfd-terresolidaire.org\/loire-atlantique\/wp-json\/wp\/v2\/types\/post"}],"author":[{"embeddable":true,"href":"https:\/\/reseau.ccfd-terresolidaire.org\/loire-atlantique\/wp-json\/wp\/v2\/users\/2"}],"replies":[{"embeddable":true,"href":"https:\/\/reseau.ccfd-terresolidaire.org\/loire-atlantique\/wp-json\/wp\/v2\/comments?post=3066"}],"version-history":[{"count":4,"href":"https:\/\/reseau.ccfd-terresolidaire.org\/loire-atlantique\/wp-json\/wp\/v2\/posts\/3066\/revisions"}],"predecessor-version":[{"id":3078,"href":"https:\/\/reseau.ccfd-terresolidaire.org\/loire-atlantique\/wp-json\/wp\/v2\/posts\/3066\/revisions\/3078"}],"wp:featuredmedia":[{"embeddable":true,"href":"https:\/\/reseau.ccfd-terresolidaire.org\/loire-atlantique\/wp-json\/wp\/v2\/media\/3067"}],"wp:attachment":[{"href":"https:\/\/reseau.ccfd-terresolidaire.org\/loire-atlantique\/wp-json\/wp\/v2\/media?parent=3066"}],"wp:term":[{"taxonomy":"category","embeddable":true,"href":"https:\/\/reseau.ccfd-terresolidaire.org\/loire-atlantique\/wp-json\/wp\/v2\/categories?post=3066"},{"taxonomy":"post_tag","embeddable":true,"href":"https:\/\/reseau.ccfd-terresolidaire.org\/loire-atlantique\/wp-json\/wp\/v2\/tags?post=3066"}],"curies":[{"name":"wp","href":"https:\/\/api.w.org\/{rel}","templated":true}]}}