{"id":3072,"date":"2022-08-27T17:20:43","date_gmt":"2022-08-27T15:20:43","guid":{"rendered":"https:\/\/reseau.ccfd-terresolidaire.org\/loire-atlantique\/?p=3072"},"modified":"2022-08-27T17:20:45","modified_gmt":"2022-08-27T15:20:45","slug":"le-premier-festival-de-lecologie-integrale","status":"publish","type":"post","link":"https:\/\/reseau.ccfd-terresolidaire.org\/loire-atlantique\/2022\/08\/27\/le-premier-festival-de-lecologie-integrale\/","title":{"rendered":"Le premier Festival de l\u2019\u00e9cologie int\u00e9grale."},"content":{"rendered":"\n<p><strong>le 1er octobre 2022 \u2013 Derval<\/strong><\/p>\n\n\n\n<p><strong>Dans la dynamique de Laudato si\u2019, le dioc\u00e8se de Nantes organise son premier Festival de l\u2019\u00e9cologie int\u00e9grale.<\/strong><\/p>\n\n\n\n<p><strong>L\u2019objectif de cet \u00e9v\u00e9nement est \u00e0 la fois de rendre visible la dynamique&nbsp;<\/strong><a href=\"https:\/\/diocese44.fr\/dossiers\/eglise-verte\/\"><strong>\u00c9glise verte<\/strong><\/a><strong>&nbsp;dans le dioc\u00e8se, de mettre en valeur les initiatives de terrain, de favoriser \u00e9changes et rencontres entre acteurs engag\u00e9s dans la conversion \u00e9cologique mais aussi de stimuler notre propre conversion.<\/strong><\/p>\n\n\n\n<p class=\"has-text-align-center\" style=\"font-size:33px\"><strong><em>Tous concern\u00e9s, tous acteurs !<\/em><\/strong><\/p>\n\n\n\n<p>Le programme de cette journ\u00e9e fera alterner rencontres et \u00e9changes, une c\u00e9l\u00e9bration dans l\u2019\u00e9glise de Derval, pr\u00e9sid\u00e9e par l\u2019\u00e9v\u00eaque, puis un fest-noz au lyc\u00e9e Saint-Clair. Vous pourrez vous promener dans le village des initiatives, assister \u00e0 de nombreux d\u00e9bats et participer \u00e0 des ateliers pour les petits comme pour les grands. Pour les plus motiv\u00e9s : un pr\u00e9-festival, le samedi matin (10h-12h), sous forme de visites aura lieu aux 4 coins du dioc\u00e8se.<\/p>\n\n\n\n<p>Ce festival sera r\u00e9ussi si nous savons nous mobiliser, pour mettre en valeur ce qui se vit d\u00e9j\u00e0, bien concr\u00e8tement, en Loire-Atlantique\u2026 et donner envie de s\u2019engager !<\/p>\n\n\n\n<p>Le CCFD-Terre Solidaire d\u00e9veloppera le programme TAPSA (Transition vers une Agro\u00e9cologie Paysanne au service de la Souverainet\u00e9 Alimentaire). Il y tiendra un stand le samedi apr\u00e8s-midi.<\/p>\n\n\n\n<p>Tous les d\u00e9tails (programme, inscriptions, visites, d\u00e9pliants, affiches) sur le site du dioc\u00e8se de Nantes.<br><a href=\"https:\/\/diocese44.fr\/festival-de-lecologie-integrale\/\">https:\/\/diocese44.fr\/festival-de-lecologie-integrale\/<\/a><\/p>\n\n\n\n<p>Inscrivez-vous nombreux pour cet \u00e9v\u00e8nement.<\/p>\n","protected":false},"excerpt":{"rendered":"<p>le 1er octobre 2022 \u2013 Derval Dans la dynamique de Laudato si\u2019, le dioc\u00e8se de Nantes organise son premier Festival de l\u2019\u00e9cologie int\u00e9grale. L\u2019objectif de cet \u00e9v\u00e9nement est \u00e0 la fois de rendre visible la dynamique&nbsp;\u00c9glise verte&nbsp;dans le dioc\u00e8se, de mettre en valeur les initiatives de terrain, de favoriser \u00e9changes et rencontres entre acteurs engag\u00e9s&#8230;<\/p>\n","protected":false},"author":4,"featured_media":3076,"comment_status":"closed","ping_status":"closed","sticky":false,"template":"","format":"standard","meta":[],"categories":[14],"tags":[],"_links":{"self":[{"href":"https:\/\/reseau.ccfd-terresolidaire.org\/loire-atlantique\/wp-json\/wp\/v2\/posts\/3072"}],"collection":[{"href":"https:\/\/reseau.ccfd-terresolidaire.org\/loire-atlantique\/wp-json\/wp\/v2\/posts"}],"about":[{"href":"https:\/\/reseau.ccfd-terresolidaire.org\/loire-atlantique\/wp-json\/wp\/v2\/types\/post"}],"author":[{"embeddable":true,"href":"https:\/\/reseau.ccfd-terresolidaire.org\/loire-atlantique\/wp-json\/wp\/v2\/users\/4"}],"replies":[{"embeddable":true,"href":"https:\/\/reseau.ccfd-terresolidaire.org\/loire-atlantique\/wp-json\/wp\/v2\/comments?post=3072"}],"version-history":[{"count":2,"href":"https:\/\/reseau.ccfd-terresolidaire.org\/loire-atlantique\/wp-json\/wp\/v2\/posts\/3072\/revisions"}],"predecessor-version":[{"id":3077,"href":"https:\/\/reseau.ccfd-terresolidaire.org\/loire-atlantique\/wp-json\/wp\/v2\/posts\/3072\/revisions\/3077"}],"wp:featuredmedia":[{"embeddable":true,"href":"https:\/\/reseau.ccfd-terresolidaire.org\/loire-atlantique\/wp-json\/wp\/v2\/media\/3076"}],"wp:attachment":[{"href":"https:\/\/reseau.ccfd-terresolidaire.org\/loire-atlantique\/wp-json\/wp\/v2\/media?parent=3072"}],"wp:term":[{"taxonomy":"category","embeddable":true,"href":"https:\/\/reseau.ccfd-terresolidaire.org\/loire-atlantique\/wp-json\/wp\/v2\/categories?post=3072"},{"taxonomy":"post_tag","embeddable":true,"href":"https:\/\/reseau.ccfd-terresolidaire.org\/loire-atlantique\/wp-json\/wp\/v2\/tags?post=3072"}],"curies":[{"name":"wp","href":"https:\/\/api.w.org\/{rel}","templated":true}]}}