{"id":3595,"date":"2023-01-12T15:31:27","date_gmt":"2023-01-12T14:31:27","guid":{"rendered":"https:\/\/reseau.ccfd-terresolidaire.org\/loire-atlantique\/?p=3595"},"modified":"2023-01-12T15:34:58","modified_gmt":"2023-01-12T14:34:58","slug":"cultivez-laction-du-ccfd-terre-solidaire","status":"publish","type":"post","link":"https:\/\/reseau.ccfd-terresolidaire.org\/loire-atlantique\/2023\/01\/12\/cultivez-laction-du-ccfd-terre-solidaire\/","title":{"rendered":"Cultivez l&rsquo;action du CCFD-Terre Solidaire"},"content":{"rendered":"\n<p>Votre engagement constitue un formidable encouragement pour nos \u00e9quipes et nous vous en remercions vivement. Gr\u00e2ce \u00e0 vous et \u00e0 nos donateurs, nous pouvons lutter efficacement contre les injustices, et en premier lieu celle de la faim.<br>Chaque jour, nous permettons ainsi \u00e0 nos organisations partenaires de mener \u00e0 bien des projets locaux qui am\u00e9liorent concr\u00e8tement les conditions de vie des populations vuln\u00e9rables en assurant leur s\u00e9curit\u00e9 alimentaire.<\/p>\n\n\n\n<p class=\"has-text-align-center\"><strong><span class=\"has-inline-color has-vivid-cyan-blue-color\">MAIS SAVIEZ-VOUS QUE VOUS POUVIEZ AUSSI CONTRIBUER \u00c0 NOS ACTIONS <br><\/span><span class=\"has-inline-color has-luminous-vivid-orange-color\">SUR LE LONG TERME ?<\/span><\/strong><\/p>\n\n\n\n<p class=\"has-text-align-center\">En nous soutenant par un don chaque mois, vous cultiverez l\u2019action du CCFD-Terre Solidaire pour une terre sans faim ! Vous accompagnerez ainsi pas \u00e0 pas les populations vuln\u00e9rables vers la s\u00e9curit\u00e9 alimentaire et leur dignit\u00e9 retrouv\u00e9e.<\/p>\n\n\n\n<div class=\"wp-block-image\"><figure class=\"aligncenter size-large\"><a href=\"https:\/\/click.actu.terre-solidaire.org\/?qs=2e72d2591fdb2754eaf4fb583981631b8652ec48f5c2b7fdccae901fe00148d85beb1bb78455506eee6b44bef218f20dadfba4e24189c214\" target=\"_blank\" rel=\"noopener\"><img loading=\"lazy\" width=\"511\" height=\"364\" src=\"https:\/\/reseau.ccfd-terresolidaire.org\/loire-atlantique\/wp-content\/uploads\/sites\/2\/2023\/01\/devenir-donateur.png\" alt=\"\" class=\"wp-image-3599\" srcset=\"https:\/\/reseau.ccfd-terresolidaire.org\/loire-atlantique\/wp-content\/uploads\/sites\/2\/2023\/01\/devenir-donateur.png 511w, https:\/\/reseau.ccfd-terresolidaire.org\/loire-atlantique\/wp-content\/uploads\/sites\/2\/2023\/01\/devenir-donateur-300x214.png 300w\" sizes=\"(max-width: 511px) 100vw, 511px\" \/><\/a><\/figure><\/div>\n\n\n\n<p class=\"has-text-align-center\"><strong><span class=\"has-inline-color has-luminous-vivid-orange-color\">AUJOURD&rsquo;HUI, 41 000 PERSONNES ONT D\u00c9J\u00c0 FAIT CE CHOIX <br>ET NOUS SOUTIENNENT CHAQUE MOIS. ET VOUS\u00a0?<br>JE DONNE CHAQUE MOIS<\/span><\/strong><br><\/p>\n\n\n\n<p class=\"has-text-align-left\">Merci, par ce geste, vous permettrez au CCFD-Terre solidaire de lutter<br>durablement contre la faim.<\/p>\n\n\n\n<p class=\"has-text-align-right\"><strong><span class=\"has-inline-color has-luminous-vivid-orange-color\">Damien COUSIN<\/span><\/strong><img loading=\"lazy\" width=\"2560\" height=\"2048\" class=\"wp-image-3605\" style=\"width: 150px\" src=\"https:\/\/reseau.ccfd-terresolidaire.org\/loire-atlantique\/wp-content\/uploads\/sites\/2\/2023\/01\/damien-cousin-scaled.jpeg\" alt=\"\" srcset=\"https:\/\/reseau.ccfd-terresolidaire.org\/loire-atlantique\/wp-content\/uploads\/sites\/2\/2023\/01\/damien-cousin-scaled.jpeg 2560w, https:\/\/reseau.ccfd-terresolidaire.org\/loire-atlantique\/wp-content\/uploads\/sites\/2\/2023\/01\/damien-cousin-300x240.jpeg 300w, https:\/\/reseau.ccfd-terresolidaire.org\/loire-atlantique\/wp-content\/uploads\/sites\/2\/2023\/01\/damien-cousin-1024x819.jpeg 1024w, https:\/\/reseau.ccfd-terresolidaire.org\/loire-atlantique\/wp-content\/uploads\/sites\/2\/2023\/01\/damien-cousin-768x614.jpeg 768w, https:\/\/reseau.ccfd-terresolidaire.org\/loire-atlantique\/wp-content\/uploads\/sites\/2\/2023\/01\/damien-cousin-1536x1229.jpeg 1536w, https:\/\/reseau.ccfd-terresolidaire.org\/loire-atlantique\/wp-content\/uploads\/sites\/2\/2023\/01\/damien-cousin-2048x1639.jpeg 2048w\" sizes=\"(max-width: 2560px) 100vw, 2560px\" \/><br>Directeur du d\u00e9veloppement des g\u00e9n\u00e9rosit\u00e9s<br><\/p>\n","protected":false},"excerpt":{"rendered":"<p>Votre engagement constitue un formidable encouragement pour nos \u00e9quipes et nous vous en remercions vivement. Gr\u00e2ce \u00e0 vous et \u00e0 nos donateurs, nous pouvons lutter efficacement contre les injustices, et en premier lieu celle de la faim.Chaque jour, nous permettons ainsi \u00e0 nos organisations partenaires de mener \u00e0 bien des projets locaux qui am\u00e9liorent concr\u00e8tement&#8230;<\/p>\n","protected":false},"author":3,"featured_media":3600,"comment_status":"closed","ping_status":"closed","sticky":false,"template":"","format":"standard","meta":[],"categories":[1],"tags":[],"_links":{"self":[{"href":"https:\/\/reseau.ccfd-terresolidaire.org\/loire-atlantique\/wp-json\/wp\/v2\/posts\/3595"}],"collection":[{"href":"https:\/\/reseau.ccfd-terresolidaire.org\/loire-atlantique\/wp-json\/wp\/v2\/posts"}],"about":[{"href":"https:\/\/reseau.ccfd-terresolidaire.org\/loire-atlantique\/wp-json\/wp\/v2\/types\/post"}],"author":[{"embeddable":true,"href":"https:\/\/reseau.ccfd-terresolidaire.org\/loire-atlantique\/wp-json\/wp\/v2\/users\/3"}],"replies":[{"embeddable":true,"href":"https:\/\/reseau.ccfd-terresolidaire.org\/loire-atlantique\/wp-json\/wp\/v2\/comments?post=3595"}],"version-history":[{"count":4,"href":"https:\/\/reseau.ccfd-terresolidaire.org\/loire-atlantique\/wp-json\/wp\/v2\/posts\/3595\/revisions"}],"predecessor-version":[{"id":3606,"href":"https:\/\/reseau.ccfd-terresolidaire.org\/loire-atlantique\/wp-json\/wp\/v2\/posts\/3595\/revisions\/3606"}],"wp:featuredmedia":[{"embeddable":true,"href":"https:\/\/reseau.ccfd-terresolidaire.org\/loire-atlantique\/wp-json\/wp\/v2\/media\/3600"}],"wp:attachment":[{"href":"https:\/\/reseau.ccfd-terresolidaire.org\/loire-atlantique\/wp-json\/wp\/v2\/media?parent=3595"}],"wp:term":[{"taxonomy":"category","embeddable":true,"href":"https:\/\/reseau.ccfd-terresolidaire.org\/loire-atlantique\/wp-json\/wp\/v2\/categories?post=3595"},{"taxonomy":"post_tag","embeddable":true,"href":"https:\/\/reseau.ccfd-terresolidaire.org\/loire-atlantique\/wp-json\/wp\/v2\/tags?post=3595"}],"curies":[{"name":"wp","href":"https:\/\/api.w.org\/{rel}","templated":true}]}}