{"id":3652,"date":"2023-02-09T22:32:45","date_gmt":"2023-02-09T21:32:45","guid":{"rendered":"https:\/\/reseau.ccfd-terresolidaire.org\/loire-atlantique\/?p=3652"},"modified":"2023-02-27T16:01:59","modified_gmt":"2023-02-27T15:01:59","slug":"vernissage-de-lexpo-photos-en-presence-de-lartiste-roberta-valerio","status":"publish","type":"post","link":"https:\/\/reseau.ccfd-terresolidaire.org\/loire-atlantique\/2023\/02\/09\/vernissage-de-lexpo-photos-en-presence-de-lartiste-roberta-valerio\/","title":{"rendered":"Vernissage de l&rsquo;expo photos en pr\u00e9sence de l&rsquo;artiste Roberta Valerio"},"content":{"rendered":"\n<p>L&rsquo;espace solidaire semblait bien petit pour accueillir en cette soir\u00e9e du 9 f\u00e9vrier 2023 le vernissage de l&rsquo;expo photos exceptionnelle. Ils sont venus nombreux d\u00e9couvrir ces photos et entendre l&rsquo;artiste Roberta Valerio commenter son exposition. Elle nous a entra\u00een\u00e9s tout d&rsquo;abord en Mauritanie pour partager la vie des r\u00e9fugi\u00e9s qui r\u00eavent de rejoindre l&rsquo;Europe au risque de leur vie. Nous avons d\u00e9couvert de superbes photos d&rsquo;Irak o\u00f9 les paysans sont confront\u00e9s \u00e0 l&rsquo;ass\u00e8chement de zones humides. Nous avons vu les paysans Tchadiens s&rsquo;organiser pour d\u00e9velopper des jardins dans une r\u00e9gion confront\u00e9e \u00e0 la s\u00e9cheresse et aux fortes chaleurs. Les jeunes filles jouent des pi\u00e8ces de th\u00e9\u00e2tre pour d\u00e9noncer l&rsquo;asservissement des femmes et offrir des solutions de lib\u00e9ration. <strong><span class=\"has-inline-color has-luminous-vivid-orange-color\">Cette tr\u00e8s belle exposition de photos est \u00e0 voir \u00e0 l&rsquo;espace Solidaire jusqu&rsquo;au 1er mars 2023 &#8211; les mardi, jeudi, vendredi de 14h\u00e0 17h30 et le mercredi de 11h \u00e0 17h30. L&rsquo;Espace Solidaire 17 rue du Moulin, Nantes.<\/span><\/strong><br><\/p>\n\n\n\n<figure class=\"wp-block-gallery columns-3 is-cropped\"><ul class=\"blocks-gallery-grid\"><li class=\"blocks-gallery-item\"><figure><img loading=\"lazy\" width=\"1024\" height=\"768\" src=\"https:\/\/reseau.ccfd-terresolidaire.org\/loire-atlantique\/wp-content\/uploads\/sites\/2\/2023\/02\/2023_02_09-expo-photos-espace-solidaire-01-1024x768.jpg\" alt=\"\" data-id=\"3665\" data-full-url=\"https:\/\/reseau.ccfd-terresolidaire.org\/loire-atlantique\/wp-content\/uploads\/sites\/2\/2023\/02\/2023_02_09-expo-photos-espace-solidaire-01.jpg\" data-link=\"https:\/\/reseau.ccfd-terresolidaire.org\/loire-atlantique\/?attachment_id=3665\" class=\"wp-image-3665\" srcset=\"https:\/\/reseau.ccfd-terresolidaire.org\/loire-atlantique\/wp-content\/uploads\/sites\/2\/2023\/02\/2023_02_09-expo-photos-espace-solidaire-01-1024x768.jpg 1024w, https:\/\/reseau.ccfd-terresolidaire.org\/loire-atlantique\/wp-content\/uploads\/sites\/2\/2023\/02\/2023_02_09-expo-photos-espace-solidaire-01-300x225.jpg 300w, https:\/\/reseau.ccfd-terresolidaire.org\/loire-atlantique\/wp-content\/uploads\/sites\/2\/2023\/02\/2023_02_09-expo-photos-espace-solidaire-01-768x576.jpg 768w, https:\/\/reseau.ccfd-terresolidaire.org\/loire-atlantique\/wp-content\/uploads\/sites\/2\/2023\/02\/2023_02_09-expo-photos-espace-solidaire-01.jpg 1280w\" sizes=\"(max-width: 1024px) 100vw, 1024px\" \/><\/figure><\/li><li class=\"blocks-gallery-item\"><figure><img loading=\"lazy\" width=\"1024\" height=\"768\" src=\"https:\/\/reseau.ccfd-terresolidaire.org\/loire-atlantique\/wp-content\/uploads\/sites\/2\/2023\/02\/2023_02_09-expo-photos-espace-solidaire-02-1024x768.jpg\" alt=\"\" data-id=\"3666\" data-full-url=\"https:\/\/reseau.ccfd-terresolidaire.org\/loire-atlantique\/wp-content\/uploads\/sites\/2\/2023\/02\/2023_02_09-expo-photos-espace-solidaire-02.jpg\" data-link=\"https:\/\/reseau.ccfd-terresolidaire.org\/loire-atlantique\/?attachment_id=3666\" class=\"wp-image-3666\" srcset=\"https:\/\/reseau.ccfd-terresolidaire.org\/loire-atlantique\/wp-content\/uploads\/sites\/2\/2023\/02\/2023_02_09-expo-photos-espace-solidaire-02-1024x768.jpg 1024w, https:\/\/reseau.ccfd-terresolidaire.org\/loire-atlantique\/wp-content\/uploads\/sites\/2\/2023\/02\/2023_02_09-expo-photos-espace-solidaire-02-300x225.jpg 300w, https:\/\/reseau.ccfd-terresolidaire.org\/loire-atlantique\/wp-content\/uploads\/sites\/2\/2023\/02\/2023_02_09-expo-photos-espace-solidaire-02-768x576.jpg 768w, https:\/\/reseau.ccfd-terresolidaire.org\/loire-atlantique\/wp-content\/uploads\/sites\/2\/2023\/02\/2023_02_09-expo-photos-espace-solidaire-02.jpg 1280w\" sizes=\"(max-width: 1024px) 100vw, 1024px\" \/><\/figure><\/li><li class=\"blocks-gallery-item\"><figure><img loading=\"lazy\" width=\"1024\" height=\"768\" src=\"https:\/\/reseau.ccfd-terresolidaire.org\/loire-atlantique\/wp-content\/uploads\/sites\/2\/2023\/02\/2023_02_09-expo-photos-espace-solidaire-03-1024x768.jpg\" alt=\"\" data-id=\"3667\" data-full-url=\"https:\/\/reseau.ccfd-terresolidaire.org\/loire-atlantique\/wp-content\/uploads\/sites\/2\/2023\/02\/2023_02_09-expo-photos-espace-solidaire-03.jpg\" data-link=\"https:\/\/reseau.ccfd-terresolidaire.org\/loire-atlantique\/?attachment_id=3667\" class=\"wp-image-3667\" srcset=\"https:\/\/reseau.ccfd-terresolidaire.org\/loire-atlantique\/wp-content\/uploads\/sites\/2\/2023\/02\/2023_02_09-expo-photos-espace-solidaire-03-1024x768.jpg 1024w, https:\/\/reseau.ccfd-terresolidaire.org\/loire-atlantique\/wp-content\/uploads\/sites\/2\/2023\/02\/2023_02_09-expo-photos-espace-solidaire-03-300x225.jpg 300w, https:\/\/reseau.ccfd-terresolidaire.org\/loire-atlantique\/wp-content\/uploads\/sites\/2\/2023\/02\/2023_02_09-expo-photos-espace-solidaire-03-768x576.jpg 768w, https:\/\/reseau.ccfd-terresolidaire.org\/loire-atlantique\/wp-content\/uploads\/sites\/2\/2023\/02\/2023_02_09-expo-photos-espace-solidaire-03.jpg 1280w\" sizes=\"(max-width: 1024px) 100vw, 1024px\" \/><\/figure><\/li><li class=\"blocks-gallery-item\"><figure><img loading=\"lazy\" width=\"1024\" height=\"768\" src=\"https:\/\/reseau.ccfd-terresolidaire.org\/loire-atlantique\/wp-content\/uploads\/sites\/2\/2023\/02\/2023_02_09-expo-photos-espace-solidaire-04-1024x768.jpg\" alt=\"\" data-id=\"3668\" data-full-url=\"https:\/\/reseau.ccfd-terresolidaire.org\/loire-atlantique\/wp-content\/uploads\/sites\/2\/2023\/02\/2023_02_09-expo-photos-espace-solidaire-04.jpg\" data-link=\"https:\/\/reseau.ccfd-terresolidaire.org\/loire-atlantique\/?attachment_id=3668\" class=\"wp-image-3668\" srcset=\"https:\/\/reseau.ccfd-terresolidaire.org\/loire-atlantique\/wp-content\/uploads\/sites\/2\/2023\/02\/2023_02_09-expo-photos-espace-solidaire-04-1024x768.jpg 1024w, https:\/\/reseau.ccfd-terresolidaire.org\/loire-atlantique\/wp-content\/uploads\/sites\/2\/2023\/02\/2023_02_09-expo-photos-espace-solidaire-04-300x225.jpg 300w, https:\/\/reseau.ccfd-terresolidaire.org\/loire-atlantique\/wp-content\/uploads\/sites\/2\/2023\/02\/2023_02_09-expo-photos-espace-solidaire-04-768x576.jpg 768w, https:\/\/reseau.ccfd-terresolidaire.org\/loire-atlantique\/wp-content\/uploads\/sites\/2\/2023\/02\/2023_02_09-expo-photos-espace-solidaire-04.jpg 1280w\" sizes=\"(max-width: 1024px) 100vw, 1024px\" \/><\/figure><\/li><li class=\"blocks-gallery-item\"><figure><img loading=\"lazy\" width=\"1024\" height=\"768\" src=\"https:\/\/reseau.ccfd-terresolidaire.org\/loire-atlantique\/wp-content\/uploads\/sites\/2\/2023\/02\/2023_02_09-expo-photos-espace-solidaire-05-1024x768.jpg\" alt=\"\" data-id=\"3669\" data-full-url=\"https:\/\/reseau.ccfd-terresolidaire.org\/loire-atlantique\/wp-content\/uploads\/sites\/2\/2023\/02\/2023_02_09-expo-photos-espace-solidaire-05.jpg\" data-link=\"https:\/\/reseau.ccfd-terresolidaire.org\/loire-atlantique\/?attachment_id=3669\" class=\"wp-image-3669\" srcset=\"https:\/\/reseau.ccfd-terresolidaire.org\/loire-atlantique\/wp-content\/uploads\/sites\/2\/2023\/02\/2023_02_09-expo-photos-espace-solidaire-05-1024x768.jpg 1024w, https:\/\/reseau.ccfd-terresolidaire.org\/loire-atlantique\/wp-content\/uploads\/sites\/2\/2023\/02\/2023_02_09-expo-photos-espace-solidaire-05-300x225.jpg 300w, https:\/\/reseau.ccfd-terresolidaire.org\/loire-atlantique\/wp-content\/uploads\/sites\/2\/2023\/02\/2023_02_09-expo-photos-espace-solidaire-05-768x576.jpg 768w, https:\/\/reseau.ccfd-terresolidaire.org\/loire-atlantique\/wp-content\/uploads\/sites\/2\/2023\/02\/2023_02_09-expo-photos-espace-solidaire-05.jpg 1280w\" sizes=\"(max-width: 1024px) 100vw, 1024px\" \/><\/figure><\/li><li class=\"blocks-gallery-item\"><figure><img loading=\"lazy\" width=\"1024\" height=\"768\" src=\"https:\/\/reseau.ccfd-terresolidaire.org\/loire-atlantique\/wp-content\/uploads\/sites\/2\/2023\/02\/2023_02_09-expo-photos-espace-solidaire-06-1024x768.jpg\" alt=\"\" data-id=\"3670\" data-full-url=\"https:\/\/reseau.ccfd-terresolidaire.org\/loire-atlantique\/wp-content\/uploads\/sites\/2\/2023\/02\/2023_02_09-expo-photos-espace-solidaire-06.jpg\" data-link=\"https:\/\/reseau.ccfd-terresolidaire.org\/loire-atlantique\/?attachment_id=3670\" class=\"wp-image-3670\" srcset=\"https:\/\/reseau.ccfd-terresolidaire.org\/loire-atlantique\/wp-content\/uploads\/sites\/2\/2023\/02\/2023_02_09-expo-photos-espace-solidaire-06-1024x768.jpg 1024w, https:\/\/reseau.ccfd-terresolidaire.org\/loire-atlantique\/wp-content\/uploads\/sites\/2\/2023\/02\/2023_02_09-expo-photos-espace-solidaire-06-300x225.jpg 300w, https:\/\/reseau.ccfd-terresolidaire.org\/loire-atlantique\/wp-content\/uploads\/sites\/2\/2023\/02\/2023_02_09-expo-photos-espace-solidaire-06-768x576.jpg 768w, https:\/\/reseau.ccfd-terresolidaire.org\/loire-atlantique\/wp-content\/uploads\/sites\/2\/2023\/02\/2023_02_09-expo-photos-espace-solidaire-06.jpg 1280w\" sizes=\"(max-width: 1024px) 100vw, 1024px\" \/><\/figure><\/li><li class=\"blocks-gallery-item\"><figure><img loading=\"lazy\" width=\"1024\" height=\"768\" src=\"https:\/\/reseau.ccfd-terresolidaire.org\/loire-atlantique\/wp-content\/uploads\/sites\/2\/2023\/02\/2023_02_09-expo-photos-espace-solidaire-07-1024x768.jpg\" alt=\"\" data-id=\"3671\" data-full-url=\"https:\/\/reseau.ccfd-terresolidaire.org\/loire-atlantique\/wp-content\/uploads\/sites\/2\/2023\/02\/2023_02_09-expo-photos-espace-solidaire-07.jpg\" data-link=\"https:\/\/reseau.ccfd-terresolidaire.org\/loire-atlantique\/?attachment_id=3671\" class=\"wp-image-3671\" srcset=\"https:\/\/reseau.ccfd-terresolidaire.org\/loire-atlantique\/wp-content\/uploads\/sites\/2\/2023\/02\/2023_02_09-expo-photos-espace-solidaire-07-1024x768.jpg 1024w, https:\/\/reseau.ccfd-terresolidaire.org\/loire-atlantique\/wp-content\/uploads\/sites\/2\/2023\/02\/2023_02_09-expo-photos-espace-solidaire-07-300x225.jpg 300w, https:\/\/reseau.ccfd-terresolidaire.org\/loire-atlantique\/wp-content\/uploads\/sites\/2\/2023\/02\/2023_02_09-expo-photos-espace-solidaire-07-768x576.jpg 768w, https:\/\/reseau.ccfd-terresolidaire.org\/loire-atlantique\/wp-content\/uploads\/sites\/2\/2023\/02\/2023_02_09-expo-photos-espace-solidaire-07.jpg 1280w\" sizes=\"(max-width: 1024px) 100vw, 1024px\" \/><\/figure><\/li><li class=\"blocks-gallery-item\"><figure><img loading=\"lazy\" width=\"1024\" height=\"768\" src=\"https:\/\/reseau.ccfd-terresolidaire.org\/loire-atlantique\/wp-content\/uploads\/sites\/2\/2023\/02\/2023_02_09-expo-photos-espace-solidaire-08-1024x768.jpg\" alt=\"\" data-id=\"3672\" data-full-url=\"https:\/\/reseau.ccfd-terresolidaire.org\/loire-atlantique\/wp-content\/uploads\/sites\/2\/2023\/02\/2023_02_09-expo-photos-espace-solidaire-08.jpg\" data-link=\"https:\/\/reseau.ccfd-terresolidaire.org\/loire-atlantique\/?attachment_id=3672\" class=\"wp-image-3672\" srcset=\"https:\/\/reseau.ccfd-terresolidaire.org\/loire-atlantique\/wp-content\/uploads\/sites\/2\/2023\/02\/2023_02_09-expo-photos-espace-solidaire-08-1024x768.jpg 1024w, https:\/\/reseau.ccfd-terresolidaire.org\/loire-atlantique\/wp-content\/uploads\/sites\/2\/2023\/02\/2023_02_09-expo-photos-espace-solidaire-08-300x225.jpg 300w, https:\/\/reseau.ccfd-terresolidaire.org\/loire-atlantique\/wp-content\/uploads\/sites\/2\/2023\/02\/2023_02_09-expo-photos-espace-solidaire-08-768x576.jpg 768w, https:\/\/reseau.ccfd-terresolidaire.org\/loire-atlantique\/wp-content\/uploads\/sites\/2\/2023\/02\/2023_02_09-expo-photos-espace-solidaire-08.jpg 1280w\" sizes=\"(max-width: 1024px) 100vw, 1024px\" \/><\/figure><\/li><li class=\"blocks-gallery-item\"><figure><img loading=\"lazy\" width=\"1024\" height=\"768\" src=\"https:\/\/reseau.ccfd-terresolidaire.org\/loire-atlantique\/wp-content\/uploads\/sites\/2\/2023\/02\/2023_02_09-expo-photos-espace-solidaire-09-1024x768.jpg\" alt=\"\" data-id=\"3673\" data-full-url=\"https:\/\/reseau.ccfd-terresolidaire.org\/loire-atlantique\/wp-content\/uploads\/sites\/2\/2023\/02\/2023_02_09-expo-photos-espace-solidaire-09.jpg\" data-link=\"https:\/\/reseau.ccfd-terresolidaire.org\/loire-atlantique\/?attachment_id=3673\" class=\"wp-image-3673\" srcset=\"https:\/\/reseau.ccfd-terresolidaire.org\/loire-atlantique\/wp-content\/uploads\/sites\/2\/2023\/02\/2023_02_09-expo-photos-espace-solidaire-09-1024x768.jpg 1024w, https:\/\/reseau.ccfd-terresolidaire.org\/loire-atlantique\/wp-content\/uploads\/sites\/2\/2023\/02\/2023_02_09-expo-photos-espace-solidaire-09-300x225.jpg 300w, https:\/\/reseau.ccfd-terresolidaire.org\/loire-atlantique\/wp-content\/uploads\/sites\/2\/2023\/02\/2023_02_09-expo-photos-espace-solidaire-09-768x576.jpg 768w, https:\/\/reseau.ccfd-terresolidaire.org\/loire-atlantique\/wp-content\/uploads\/sites\/2\/2023\/02\/2023_02_09-expo-photos-espace-solidaire-09.jpg 1280w\" sizes=\"(max-width: 1024px) 100vw, 1024px\" \/><\/figure><\/li><li class=\"blocks-gallery-item\"><figure><img loading=\"lazy\" width=\"1024\" height=\"768\" src=\"https:\/\/reseau.ccfd-terresolidaire.org\/loire-atlantique\/wp-content\/uploads\/sites\/2\/2023\/02\/2023_02_09-expo-photos-espace-solidaire-10-1024x768.jpg\" alt=\"\" data-id=\"3674\" data-full-url=\"https:\/\/reseau.ccfd-terresolidaire.org\/loire-atlantique\/wp-content\/uploads\/sites\/2\/2023\/02\/2023_02_09-expo-photos-espace-solidaire-10.jpg\" data-link=\"https:\/\/reseau.ccfd-terresolidaire.org\/loire-atlantique\/?attachment_id=3674\" class=\"wp-image-3674\" srcset=\"https:\/\/reseau.ccfd-terresolidaire.org\/loire-atlantique\/wp-content\/uploads\/sites\/2\/2023\/02\/2023_02_09-expo-photos-espace-solidaire-10-1024x768.jpg 1024w, https:\/\/reseau.ccfd-terresolidaire.org\/loire-atlantique\/wp-content\/uploads\/sites\/2\/2023\/02\/2023_02_09-expo-photos-espace-solidaire-10-300x225.jpg 300w, https:\/\/reseau.ccfd-terresolidaire.org\/loire-atlantique\/wp-content\/uploads\/sites\/2\/2023\/02\/2023_02_09-expo-photos-espace-solidaire-10-768x576.jpg 768w, https:\/\/reseau.ccfd-terresolidaire.org\/loire-atlantique\/wp-content\/uploads\/sites\/2\/2023\/02\/2023_02_09-expo-photos-espace-solidaire-10.jpg 1280w\" sizes=\"(max-width: 1024px) 100vw, 1024px\" \/><\/figure><\/li><li class=\"blocks-gallery-item\"><figure><img loading=\"lazy\" width=\"1024\" height=\"768\" src=\"https:\/\/reseau.ccfd-terresolidaire.org\/loire-atlantique\/wp-content\/uploads\/sites\/2\/2023\/02\/2023_02_09-expo-photos-espace-solidaire-11-1024x768.jpg\" alt=\"\" data-id=\"3675\" data-full-url=\"https:\/\/reseau.ccfd-terresolidaire.org\/loire-atlantique\/wp-content\/uploads\/sites\/2\/2023\/02\/2023_02_09-expo-photos-espace-solidaire-11.jpg\" data-link=\"https:\/\/reseau.ccfd-terresolidaire.org\/loire-atlantique\/?attachment_id=3675\" class=\"wp-image-3675\" srcset=\"https:\/\/reseau.ccfd-terresolidaire.org\/loire-atlantique\/wp-content\/uploads\/sites\/2\/2023\/02\/2023_02_09-expo-photos-espace-solidaire-11-1024x768.jpg 1024w, https:\/\/reseau.ccfd-terresolidaire.org\/loire-atlantique\/wp-content\/uploads\/sites\/2\/2023\/02\/2023_02_09-expo-photos-espace-solidaire-11-300x225.jpg 300w, https:\/\/reseau.ccfd-terresolidaire.org\/loire-atlantique\/wp-content\/uploads\/sites\/2\/2023\/02\/2023_02_09-expo-photos-espace-solidaire-11-768x576.jpg 768w, https:\/\/reseau.ccfd-terresolidaire.org\/loire-atlantique\/wp-content\/uploads\/sites\/2\/2023\/02\/2023_02_09-expo-photos-espace-solidaire-11.jpg 1280w\" sizes=\"(max-width: 1024px) 100vw, 1024px\" \/><\/figure><\/li><li class=\"blocks-gallery-item\"><figure><img loading=\"lazy\" width=\"1024\" height=\"768\" src=\"https:\/\/reseau.ccfd-terresolidaire.org\/loire-atlantique\/wp-content\/uploads\/sites\/2\/2023\/02\/2023_02_09-expo-photos-espace-solidaire-12-1024x768.jpg\" alt=\"\" data-id=\"3676\" data-full-url=\"https:\/\/reseau.ccfd-terresolidaire.org\/loire-atlantique\/wp-content\/uploads\/sites\/2\/2023\/02\/2023_02_09-expo-photos-espace-solidaire-12.jpg\" data-link=\"https:\/\/reseau.ccfd-terresolidaire.org\/loire-atlantique\/?attachment_id=3676\" class=\"wp-image-3676\" srcset=\"https:\/\/reseau.ccfd-terresolidaire.org\/loire-atlantique\/wp-content\/uploads\/sites\/2\/2023\/02\/2023_02_09-expo-photos-espace-solidaire-12-1024x768.jpg 1024w, https:\/\/reseau.ccfd-terresolidaire.org\/loire-atlantique\/wp-content\/uploads\/sites\/2\/2023\/02\/2023_02_09-expo-photos-espace-solidaire-12-300x225.jpg 300w, https:\/\/reseau.ccfd-terresolidaire.org\/loire-atlantique\/wp-content\/uploads\/sites\/2\/2023\/02\/2023_02_09-expo-photos-espace-solidaire-12-768x576.jpg 768w, https:\/\/reseau.ccfd-terresolidaire.org\/loire-atlantique\/wp-content\/uploads\/sites\/2\/2023\/02\/2023_02_09-expo-photos-espace-solidaire-12.jpg 1280w\" sizes=\"(max-width: 1024px) 100vw, 1024px\" \/><\/figure><\/li><li class=\"blocks-gallery-item\"><figure><img loading=\"lazy\" width=\"1024\" height=\"768\" src=\"https:\/\/reseau.ccfd-terresolidaire.org\/loire-atlantique\/wp-content\/uploads\/sites\/2\/2023\/02\/2023_02_09-expo-photos-espace-solidaire-13-1024x768.jpg\" alt=\"\" data-id=\"3677\" data-full-url=\"https:\/\/reseau.ccfd-terresolidaire.org\/loire-atlantique\/wp-content\/uploads\/sites\/2\/2023\/02\/2023_02_09-expo-photos-espace-solidaire-13.jpg\" data-link=\"https:\/\/reseau.ccfd-terresolidaire.org\/loire-atlantique\/?attachment_id=3677\" class=\"wp-image-3677\" srcset=\"https:\/\/reseau.ccfd-terresolidaire.org\/loire-atlantique\/wp-content\/uploads\/sites\/2\/2023\/02\/2023_02_09-expo-photos-espace-solidaire-13-1024x768.jpg 1024w, https:\/\/reseau.ccfd-terresolidaire.org\/loire-atlantique\/wp-content\/uploads\/sites\/2\/2023\/02\/2023_02_09-expo-photos-espace-solidaire-13-300x225.jpg 300w, https:\/\/reseau.ccfd-terresolidaire.org\/loire-atlantique\/wp-content\/uploads\/sites\/2\/2023\/02\/2023_02_09-expo-photos-espace-solidaire-13-768x576.jpg 768w, https:\/\/reseau.ccfd-terresolidaire.org\/loire-atlantique\/wp-content\/uploads\/sites\/2\/2023\/02\/2023_02_09-expo-photos-espace-solidaire-13.jpg 1280w\" sizes=\"(max-width: 1024px) 100vw, 1024px\" \/><\/figure><\/li><li class=\"blocks-gallery-item\"><figure><img loading=\"lazy\" width=\"1024\" height=\"768\" src=\"https:\/\/reseau.ccfd-terresolidaire.org\/loire-atlantique\/wp-content\/uploads\/sites\/2\/2023\/02\/2023_02_09-expo-photos-espace-solidaire-14-1024x768.jpg\" alt=\"\" data-id=\"3678\" data-full-url=\"https:\/\/reseau.ccfd-terresolidaire.org\/loire-atlantique\/wp-content\/uploads\/sites\/2\/2023\/02\/2023_02_09-expo-photos-espace-solidaire-14.jpg\" data-link=\"https:\/\/reseau.ccfd-terresolidaire.org\/loire-atlantique\/?attachment_id=3678\" class=\"wp-image-3678\" srcset=\"https:\/\/reseau.ccfd-terresolidaire.org\/loire-atlantique\/wp-content\/uploads\/sites\/2\/2023\/02\/2023_02_09-expo-photos-espace-solidaire-14-1024x768.jpg 1024w, https:\/\/reseau.ccfd-terresolidaire.org\/loire-atlantique\/wp-content\/uploads\/sites\/2\/2023\/02\/2023_02_09-expo-photos-espace-solidaire-14-300x225.jpg 300w, https:\/\/reseau.ccfd-terresolidaire.org\/loire-atlantique\/wp-content\/uploads\/sites\/2\/2023\/02\/2023_02_09-expo-photos-espace-solidaire-14-768x576.jpg 768w, https:\/\/reseau.ccfd-terresolidaire.org\/loire-atlantique\/wp-content\/uploads\/sites\/2\/2023\/02\/2023_02_09-expo-photos-espace-solidaire-14.jpg 1280w\" sizes=\"(max-width: 1024px) 100vw, 1024px\" \/><\/figure><\/li><li class=\"blocks-gallery-item\"><figure><img loading=\"lazy\" width=\"1024\" height=\"768\" src=\"https:\/\/reseau.ccfd-terresolidaire.org\/loire-atlantique\/wp-content\/uploads\/sites\/2\/2023\/02\/2023_02_09-expo-photos-espace-solidaire-15-1024x768.jpg\" alt=\"\" data-id=\"3679\" data-full-url=\"https:\/\/reseau.ccfd-terresolidaire.org\/loire-atlantique\/wp-content\/uploads\/sites\/2\/2023\/02\/2023_02_09-expo-photos-espace-solidaire-15.jpg\" data-link=\"https:\/\/reseau.ccfd-terresolidaire.org\/loire-atlantique\/?attachment_id=3679\" class=\"wp-image-3679\" srcset=\"https:\/\/reseau.ccfd-terresolidaire.org\/loire-atlantique\/wp-content\/uploads\/sites\/2\/2023\/02\/2023_02_09-expo-photos-espace-solidaire-15-1024x768.jpg 1024w, https:\/\/reseau.ccfd-terresolidaire.org\/loire-atlantique\/wp-content\/uploads\/sites\/2\/2023\/02\/2023_02_09-expo-photos-espace-solidaire-15-300x225.jpg 300w, https:\/\/reseau.ccfd-terresolidaire.org\/loire-atlantique\/wp-content\/uploads\/sites\/2\/2023\/02\/2023_02_09-expo-photos-espace-solidaire-15-768x576.jpg 768w, https:\/\/reseau.ccfd-terresolidaire.org\/loire-atlantique\/wp-content\/uploads\/sites\/2\/2023\/02\/2023_02_09-expo-photos-espace-solidaire-15.jpg 1280w\" sizes=\"(max-width: 1024px) 100vw, 1024px\" \/><\/figure><\/li><li class=\"blocks-gallery-item\"><figure><img loading=\"lazy\" width=\"1024\" height=\"768\" src=\"https:\/\/reseau.ccfd-terresolidaire.org\/loire-atlantique\/wp-content\/uploads\/sites\/2\/2023\/02\/2023_02_09-expo-photos-espace-solidaire-16-1024x768.jpg\" alt=\"\" data-id=\"3680\" data-full-url=\"https:\/\/reseau.ccfd-terresolidaire.org\/loire-atlantique\/wp-content\/uploads\/sites\/2\/2023\/02\/2023_02_09-expo-photos-espace-solidaire-16.jpg\" data-link=\"https:\/\/reseau.ccfd-terresolidaire.org\/loire-atlantique\/?attachment_id=3680\" class=\"wp-image-3680\" srcset=\"https:\/\/reseau.ccfd-terresolidaire.org\/loire-atlantique\/wp-content\/uploads\/sites\/2\/2023\/02\/2023_02_09-expo-photos-espace-solidaire-16-1024x768.jpg 1024w, https:\/\/reseau.ccfd-terresolidaire.org\/loire-atlantique\/wp-content\/uploads\/sites\/2\/2023\/02\/2023_02_09-expo-photos-espace-solidaire-16-300x225.jpg 300w, https:\/\/reseau.ccfd-terresolidaire.org\/loire-atlantique\/wp-content\/uploads\/sites\/2\/2023\/02\/2023_02_09-expo-photos-espace-solidaire-16-768x576.jpg 768w, https:\/\/reseau.ccfd-terresolidaire.org\/loire-atlantique\/wp-content\/uploads\/sites\/2\/2023\/02\/2023_02_09-expo-photos-espace-solidaire-16.jpg 1280w\" sizes=\"(max-width: 1024px) 100vw, 1024px\" \/><\/figure><\/li><li class=\"blocks-gallery-item\"><figure><img loading=\"lazy\" width=\"1024\" height=\"768\" src=\"https:\/\/reseau.ccfd-terresolidaire.org\/loire-atlantique\/wp-content\/uploads\/sites\/2\/2023\/02\/2023_02_09-expo-photos-espace-solidaire-17-1024x768.jpg\" alt=\"\" data-id=\"3681\" data-full-url=\"https:\/\/reseau.ccfd-terresolidaire.org\/loire-atlantique\/wp-content\/uploads\/sites\/2\/2023\/02\/2023_02_09-expo-photos-espace-solidaire-17.jpg\" data-link=\"https:\/\/reseau.ccfd-terresolidaire.org\/loire-atlantique\/?attachment_id=3681\" class=\"wp-image-3681\" srcset=\"https:\/\/reseau.ccfd-terresolidaire.org\/loire-atlantique\/wp-content\/uploads\/sites\/2\/2023\/02\/2023_02_09-expo-photos-espace-solidaire-17-1024x768.jpg 1024w, https:\/\/reseau.ccfd-terresolidaire.org\/loire-atlantique\/wp-content\/uploads\/sites\/2\/2023\/02\/2023_02_09-expo-photos-espace-solidaire-17-300x225.jpg 300w, https:\/\/reseau.ccfd-terresolidaire.org\/loire-atlantique\/wp-content\/uploads\/sites\/2\/2023\/02\/2023_02_09-expo-photos-espace-solidaire-17-768x576.jpg 768w, https:\/\/reseau.ccfd-terresolidaire.org\/loire-atlantique\/wp-content\/uploads\/sites\/2\/2023\/02\/2023_02_09-expo-photos-espace-solidaire-17.jpg 1280w\" sizes=\"(max-width: 1024px) 100vw, 1024px\" \/><\/figure><\/li><li class=\"blocks-gallery-item\"><figure><img loading=\"lazy\" width=\"1024\" height=\"768\" src=\"https:\/\/reseau.ccfd-terresolidaire.org\/loire-atlantique\/wp-content\/uploads\/sites\/2\/2023\/02\/2023_02_09-expo-photos-espace-solidaire-18-1024x768.jpg\" alt=\"\" data-id=\"3682\" data-full-url=\"https:\/\/reseau.ccfd-terresolidaire.org\/loire-atlantique\/wp-content\/uploads\/sites\/2\/2023\/02\/2023_02_09-expo-photos-espace-solidaire-18.jpg\" data-link=\"https:\/\/reseau.ccfd-terresolidaire.org\/loire-atlantique\/?attachment_id=3682\" class=\"wp-image-3682\" srcset=\"https:\/\/reseau.ccfd-terresolidaire.org\/loire-atlantique\/wp-content\/uploads\/sites\/2\/2023\/02\/2023_02_09-expo-photos-espace-solidaire-18-1024x768.jpg 1024w, https:\/\/reseau.ccfd-terresolidaire.org\/loire-atlantique\/wp-content\/uploads\/sites\/2\/2023\/02\/2023_02_09-expo-photos-espace-solidaire-18-300x225.jpg 300w, https:\/\/reseau.ccfd-terresolidaire.org\/loire-atlantique\/wp-content\/uploads\/sites\/2\/2023\/02\/2023_02_09-expo-photos-espace-solidaire-18-768x576.jpg 768w, https:\/\/reseau.ccfd-terresolidaire.org\/loire-atlantique\/wp-content\/uploads\/sites\/2\/2023\/02\/2023_02_09-expo-photos-espace-solidaire-18.jpg 1280w\" sizes=\"(max-width: 1024px) 100vw, 1024px\" \/><\/figure><\/li><li class=\"blocks-gallery-item\"><figure><img loading=\"lazy\" width=\"1024\" height=\"768\" src=\"https:\/\/reseau.ccfd-terresolidaire.org\/loire-atlantique\/wp-content\/uploads\/sites\/2\/2023\/02\/2023_02_09-expo-photos-espace-solidaire-19-1024x768.jpg\" alt=\"\" data-id=\"3683\" data-full-url=\"https:\/\/reseau.ccfd-terresolidaire.org\/loire-atlantique\/wp-content\/uploads\/sites\/2\/2023\/02\/2023_02_09-expo-photos-espace-solidaire-19.jpg\" data-link=\"https:\/\/reseau.ccfd-terresolidaire.org\/loire-atlantique\/?attachment_id=3683\" class=\"wp-image-3683\" srcset=\"https:\/\/reseau.ccfd-terresolidaire.org\/loire-atlantique\/wp-content\/uploads\/sites\/2\/2023\/02\/2023_02_09-expo-photos-espace-solidaire-19-1024x768.jpg 1024w, https:\/\/reseau.ccfd-terresolidaire.org\/loire-atlantique\/wp-content\/uploads\/sites\/2\/2023\/02\/2023_02_09-expo-photos-espace-solidaire-19-300x225.jpg 300w, https:\/\/reseau.ccfd-terresolidaire.org\/loire-atlantique\/wp-content\/uploads\/sites\/2\/2023\/02\/2023_02_09-expo-photos-espace-solidaire-19-768x576.jpg 768w, https:\/\/reseau.ccfd-terresolidaire.org\/loire-atlantique\/wp-content\/uploads\/sites\/2\/2023\/02\/2023_02_09-expo-photos-espace-solidaire-19.jpg 1280w\" sizes=\"(max-width: 1024px) 100vw, 1024px\" \/><\/figure><\/li><li class=\"blocks-gallery-item\"><figure><img loading=\"lazy\" width=\"1024\" height=\"768\" src=\"https:\/\/reseau.ccfd-terresolidaire.org\/loire-atlantique\/wp-content\/uploads\/sites\/2\/2023\/02\/2023_02_09-expo-photos-espace-solidaire-20-1024x768.jpg\" alt=\"\" data-id=\"3684\" data-full-url=\"https:\/\/reseau.ccfd-terresolidaire.org\/loire-atlantique\/wp-content\/uploads\/sites\/2\/2023\/02\/2023_02_09-expo-photos-espace-solidaire-20.jpg\" data-link=\"https:\/\/reseau.ccfd-terresolidaire.org\/loire-atlantique\/?attachment_id=3684\" class=\"wp-image-3684\" srcset=\"https:\/\/reseau.ccfd-terresolidaire.org\/loire-atlantique\/wp-content\/uploads\/sites\/2\/2023\/02\/2023_02_09-expo-photos-espace-solidaire-20-1024x768.jpg 1024w, https:\/\/reseau.ccfd-terresolidaire.org\/loire-atlantique\/wp-content\/uploads\/sites\/2\/2023\/02\/2023_02_09-expo-photos-espace-solidaire-20-300x225.jpg 300w, https:\/\/reseau.ccfd-terresolidaire.org\/loire-atlantique\/wp-content\/uploads\/sites\/2\/2023\/02\/2023_02_09-expo-photos-espace-solidaire-20-768x576.jpg 768w, https:\/\/reseau.ccfd-terresolidaire.org\/loire-atlantique\/wp-content\/uploads\/sites\/2\/2023\/02\/2023_02_09-expo-photos-espace-solidaire-20.jpg 1280w\" sizes=\"(max-width: 1024px) 100vw, 1024px\" \/><\/figure><\/li><li class=\"blocks-gallery-item\"><figure><img loading=\"lazy\" width=\"1024\" height=\"768\" src=\"https:\/\/reseau.ccfd-terresolidaire.org\/loire-atlantique\/wp-content\/uploads\/sites\/2\/2023\/02\/2023_02_09-expo-photos-espace-solidaire-21-1024x768.jpg\" alt=\"\" data-id=\"3685\" data-full-url=\"https:\/\/reseau.ccfd-terresolidaire.org\/loire-atlantique\/wp-content\/uploads\/sites\/2\/2023\/02\/2023_02_09-expo-photos-espace-solidaire-21.jpg\" data-link=\"https:\/\/reseau.ccfd-terresolidaire.org\/loire-atlantique\/?attachment_id=3685\" class=\"wp-image-3685\" srcset=\"https:\/\/reseau.ccfd-terresolidaire.org\/loire-atlantique\/wp-content\/uploads\/sites\/2\/2023\/02\/2023_02_09-expo-photos-espace-solidaire-21-1024x768.jpg 1024w, https:\/\/reseau.ccfd-terresolidaire.org\/loire-atlantique\/wp-content\/uploads\/sites\/2\/2023\/02\/2023_02_09-expo-photos-espace-solidaire-21-300x225.jpg 300w, https:\/\/reseau.ccfd-terresolidaire.org\/loire-atlantique\/wp-content\/uploads\/sites\/2\/2023\/02\/2023_02_09-expo-photos-espace-solidaire-21-768x576.jpg 768w, https:\/\/reseau.ccfd-terresolidaire.org\/loire-atlantique\/wp-content\/uploads\/sites\/2\/2023\/02\/2023_02_09-expo-photos-espace-solidaire-21.jpg 1280w\" sizes=\"(max-width: 1024px) 100vw, 1024px\" \/><\/figure><\/li><li class=\"blocks-gallery-item\"><figure><img loading=\"lazy\" width=\"1024\" height=\"768\" src=\"https:\/\/reseau.ccfd-terresolidaire.org\/loire-atlantique\/wp-content\/uploads\/sites\/2\/2023\/02\/2023_02_09-expo-photos-espace-solidaire-22-1024x768.jpg\" alt=\"\" data-id=\"3686\" data-full-url=\"https:\/\/reseau.ccfd-terresolidaire.org\/loire-atlantique\/wp-content\/uploads\/sites\/2\/2023\/02\/2023_02_09-expo-photos-espace-solidaire-22.jpg\" data-link=\"https:\/\/reseau.ccfd-terresolidaire.org\/loire-atlantique\/?attachment_id=3686\" class=\"wp-image-3686\" srcset=\"https:\/\/reseau.ccfd-terresolidaire.org\/loire-atlantique\/wp-content\/uploads\/sites\/2\/2023\/02\/2023_02_09-expo-photos-espace-solidaire-22-1024x768.jpg 1024w, https:\/\/reseau.ccfd-terresolidaire.org\/loire-atlantique\/wp-content\/uploads\/sites\/2\/2023\/02\/2023_02_09-expo-photos-espace-solidaire-22-300x225.jpg 300w, https:\/\/reseau.ccfd-terresolidaire.org\/loire-atlantique\/wp-content\/uploads\/sites\/2\/2023\/02\/2023_02_09-expo-photos-espace-solidaire-22-768x576.jpg 768w, https:\/\/reseau.ccfd-terresolidaire.org\/loire-atlantique\/wp-content\/uploads\/sites\/2\/2023\/02\/2023_02_09-expo-photos-espace-solidaire-22.jpg 1280w\" sizes=\"(max-width: 1024px) 100vw, 1024px\" \/><\/figure><\/li><li class=\"blocks-gallery-item\"><figure><img loading=\"lazy\" width=\"1024\" height=\"768\" src=\"https:\/\/reseau.ccfd-terresolidaire.org\/loire-atlantique\/wp-content\/uploads\/sites\/2\/2023\/02\/2023_02_09-expo-photos-espace-solidaire-23-1024x768.jpg\" alt=\"\" data-id=\"3687\" data-full-url=\"https:\/\/reseau.ccfd-terresolidaire.org\/loire-atlantique\/wp-content\/uploads\/sites\/2\/2023\/02\/2023_02_09-expo-photos-espace-solidaire-23.jpg\" data-link=\"https:\/\/reseau.ccfd-terresolidaire.org\/loire-atlantique\/?attachment_id=3687\" class=\"wp-image-3687\" srcset=\"https:\/\/reseau.ccfd-terresolidaire.org\/loire-atlantique\/wp-content\/uploads\/sites\/2\/2023\/02\/2023_02_09-expo-photos-espace-solidaire-23-1024x768.jpg 1024w, https:\/\/reseau.ccfd-terresolidaire.org\/loire-atlantique\/wp-content\/uploads\/sites\/2\/2023\/02\/2023_02_09-expo-photos-espace-solidaire-23-300x225.jpg 300w, https:\/\/reseau.ccfd-terresolidaire.org\/loire-atlantique\/wp-content\/uploads\/sites\/2\/2023\/02\/2023_02_09-expo-photos-espace-solidaire-23-768x576.jpg 768w, https:\/\/reseau.ccfd-terresolidaire.org\/loire-atlantique\/wp-content\/uploads\/sites\/2\/2023\/02\/2023_02_09-expo-photos-espace-solidaire-23.jpg 1280w\" sizes=\"(max-width: 1024px) 100vw, 1024px\" \/><\/figure><\/li><li class=\"blocks-gallery-item\"><figure><img loading=\"lazy\" width=\"1024\" height=\"768\" src=\"https:\/\/reseau.ccfd-terresolidaire.org\/loire-atlantique\/wp-content\/uploads\/sites\/2\/2023\/02\/2023_02_09-expo-photos-espace-solidaire-24-1024x768.jpg\" alt=\"\" data-id=\"3688\" data-full-url=\"https:\/\/reseau.ccfd-terresolidaire.org\/loire-atlantique\/wp-content\/uploads\/sites\/2\/2023\/02\/2023_02_09-expo-photos-espace-solidaire-24.jpg\" data-link=\"https:\/\/reseau.ccfd-terresolidaire.org\/loire-atlantique\/?attachment_id=3688\" class=\"wp-image-3688\" srcset=\"https:\/\/reseau.ccfd-terresolidaire.org\/loire-atlantique\/wp-content\/uploads\/sites\/2\/2023\/02\/2023_02_09-expo-photos-espace-solidaire-24-1024x768.jpg 1024w, https:\/\/reseau.ccfd-terresolidaire.org\/loire-atlantique\/wp-content\/uploads\/sites\/2\/2023\/02\/2023_02_09-expo-photos-espace-solidaire-24-300x225.jpg 300w, https:\/\/reseau.ccfd-terresolidaire.org\/loire-atlantique\/wp-content\/uploads\/sites\/2\/2023\/02\/2023_02_09-expo-photos-espace-solidaire-24-768x576.jpg 768w, https:\/\/reseau.ccfd-terresolidaire.org\/loire-atlantique\/wp-content\/uploads\/sites\/2\/2023\/02\/2023_02_09-expo-photos-espace-solidaire-24.jpg 1280w\" sizes=\"(max-width: 1024px) 100vw, 1024px\" \/><\/figure><\/li><\/ul><figcaption class=\"blocks-gallery-caption\">Vernissage de l&rsquo;Expo-Photos \u00e0 l&rsquo;Espace Solidaire de Nantes<\/figcaption><\/figure>\n\n\n\n<blockquote class=\"wp-block-quote\"><p><\/p><p>Roberta Valerio, a d\u00e9but\u00e9 dans la photographie en se formant \u00e0 l&rsquo;Agence Magnum Photos pour se consacrer ensuite \u00e0 la photographie documentaire pour la presse fran\u00e7aise, internationale et pour les ONG. Elle d\u00e9veloppe parrall\u00e8lement des projets personnels ax\u00e9s sur le questionnement et les mutations de la soci\u00e9t\u00e9 contemporaine, en investiguant l&rsquo;humain particulier dans son rapport \u00e0 la migration. La photographie lui donne le pr\u00e9texte de suivre des personnes qu&rsquo;elle rencontre sur son chemin et de raconter leur histoire pour mettre en lumi\u00e8re l&rsquo;humanit\u00e9 qui se cache derri\u00e8re chaque diff\u00e9rence.<\/p><p>Avec une approche sensible et po\u00e9tique, elle essaye de retranscrire ces histoires qui coulent au-del\u00e0 des fronti\u00e8res au-del\u00e0 de la surface des choses pour r\u00e9v\u00e9ler l&rsquo;injustice, et rendre la beaut\u00e9 des choses invisibles, consciente que regarder l&rsquo;autre c&rsquo;est se regarder<\/p><cite>expo photos Espace Solidaire.<\/cite><\/blockquote>\n","protected":false},"excerpt":{"rendered":"<p>L&rsquo;espace solidaire semblait bien petit pour accueillir en cette soir\u00e9e du 9 f\u00e9vrier 2023 le vernissage de l&rsquo;expo photos exceptionnelle. Ils sont venus nombreux d\u00e9couvrir ces photos et entendre l&rsquo;artiste Roberta Valerio commenter son exposition. Elle nous a entra\u00een\u00e9s tout d&rsquo;abord en Mauritanie pour partager la vie des r\u00e9fugi\u00e9s qui r\u00eavent de rejoindre l&rsquo;Europe au&#8230;<\/p>\n","protected":false},"author":3,"featured_media":3689,"comment_status":"closed","ping_status":"closed","sticky":false,"template":"","format":"standard","meta":[],"categories":[1,2],"tags":[],"_links":{"self":[{"href":"https:\/\/reseau.ccfd-terresolidaire.org\/loire-atlantique\/wp-json\/wp\/v2\/posts\/3652"}],"collection":[{"href":"https:\/\/reseau.ccfd-terresolidaire.org\/loire-atlantique\/wp-json\/wp\/v2\/posts"}],"about":[{"href":"https:\/\/reseau.ccfd-terresolidaire.org\/loire-atlantique\/wp-json\/wp\/v2\/types\/post"}],"author":[{"embeddable":true,"href":"https:\/\/reseau.ccfd-terresolidaire.org\/loire-atlantique\/wp-json\/wp\/v2\/users\/3"}],"replies":[{"embeddable":true,"href":"https:\/\/reseau.ccfd-terresolidaire.org\/loire-atlantique\/wp-json\/wp\/v2\/comments?post=3652"}],"version-history":[{"count":3,"href":"https:\/\/reseau.ccfd-terresolidaire.org\/loire-atlantique\/wp-json\/wp\/v2\/posts\/3652\/revisions"}],"predecessor-version":[{"id":3692,"href":"https:\/\/reseau.ccfd-terresolidaire.org\/loire-atlantique\/wp-json\/wp\/v2\/posts\/3652\/revisions\/3692"}],"wp:featuredmedia":[{"embeddable":true,"href":"https:\/\/reseau.ccfd-terresolidaire.org\/loire-atlantique\/wp-json\/wp\/v2\/media\/3689"}],"wp:attachment":[{"href":"https:\/\/reseau.ccfd-terresolidaire.org\/loire-atlantique\/wp-json\/wp\/v2\/media?parent=3652"}],"wp:term":[{"taxonomy":"category","embeddable":true,"href":"https:\/\/reseau.ccfd-terresolidaire.org\/loire-atlantique\/wp-json\/wp\/v2\/categories?post=3652"},{"taxonomy":"post_tag","embeddable":true,"href":"https:\/\/reseau.ccfd-terresolidaire.org\/loire-atlantique\/wp-json\/wp\/v2\/tags?post=3652"}],"curies":[{"name":"wp","href":"https:\/\/api.w.org\/{rel}","templated":true}]}}