{"id":3664,"date":"2023-02-10T06:20:34","date_gmt":"2023-02-10T05:20:34","guid":{"rendered":"https:\/\/reseau.ccfd-terresolidaire.org\/loire-atlantique\/?p=3664"},"modified":"2023-02-10T06:20:35","modified_gmt":"2023-02-10T05:20:35","slug":"urgence-seisme-turquie-syrie","status":"publish","type":"post","link":"https:\/\/reseau.ccfd-terresolidaire.org\/loire-atlantique\/2023\/02\/10\/urgence-seisme-turquie-syrie\/","title":{"rendered":"Urgence s\u00e9isme Turquie-Syrie"},"content":{"rendered":"\n<h2 class=\"has-text-align-center\"><span class=\"has-inline-color has-luminous-vivid-orange-color\">APPEL \u00c0 VOTRE SOLIDARIT\u00c9<\/span><\/h2>\n\n\n\n<p>Le 6 f\u00e9vrier, deux s\u00e9ismes d\u00e9vastateurs ont frapp\u00e9 le sud de la Turquie et le nord de la Syrie. On d\u00e9compte d\u00e9j\u00e0 plus de 17 500 morts et des milliers de bless\u00e9s. D\u2019heure en heure, le bilan humain et mat\u00e9riel s\u2019alourdit et nos organisations partenaires sur le terrain sont d\u00e9j\u00e0 mobilis\u00e9es pour venir en aide \u00e0 la population.<br><br>En Syrie, la population est d\u00e9j\u00e0 fragilis\u00e9e et subit toujours les cons\u00e9quences de la guerre. En Turquie, la r\u00e9gion de Gaziantep touch\u00e9e par les s\u00e9ismes, accueille depuis 10 ans des centaines de milliers de r\u00e9fugi\u00e9s syriens vivants en grande pr\u00e9carit\u00e9. La situation est particuli\u00e8rement critique d\u2019autant que les deux pays connaissent en ce moment une forte vague de froid.<br><br>Dans ce contexte l\u2019aide d\u2019urgence tarde \u00e0 arriver et les personnes touch\u00e9es par la catastrophe sont dans une situation d\u2019extr\u00eame d\u00e9tresse.<br><br>L\u2019une de nos organisations partenaires, Alpha, r\u00e9pond d\u00e9j\u00e0 aux besoins de la population dans la r\u00e9gion d\u2019Alep : construction d\u2019abris, distribution de v\u00eatements, de couvertures, de nourriture et de kits d\u2019hygi\u00e8ne. A plus long terme, Alpha pr\u00e9voit avec nos autres organisations partenaires sur place, d\u2019aider les populations \u00e0 se reconstruire.<br><br>Malheureusement, les moyens manquent pour agir. Nous avons donc besoin de votre soutien, faites un don d\u00e8s aujourd\u2019hui au CCFD-Terre Solidaire et \u00e0 ses organisations partenaires afin d\u2019aider ces enfants, ces femmes et ces hommes en grande difficult\u00e9.<br><br>Merci du fond du c\u0153ur !<\/p>\n\n\n\n<p class=\"has-text-align-center\"><br><strong><span class=\"has-inline-color has-luminous-vivid-orange-color\"><a href=\"https:\/\/click.actu.terre-solidaire.org\/?qs=d0a0b34ac4ba7c11db50d670958fc9ee274081d6bb5e69083f73cd5f47da7ec96ffe9ef714f4d40fb651feee5b1c78c61bf2947f028047bf\" target=\"_blank\" rel=\"noreferrer noopener\">JE FAIS UN DON<\/a><\/span><\/strong><\/p>\n\n\n\n<p><br>Par avance, un immense MERCI pour votre g\u00e9n\u00e9rosit\u00e9 !<\/p>\n","protected":false},"excerpt":{"rendered":"<p>APPEL \u00c0 VOTRE SOLIDARIT\u00c9 Le 6 f\u00e9vrier, deux s\u00e9ismes d\u00e9vastateurs ont frapp\u00e9 le sud de la Turquie et le nord de la Syrie. On d\u00e9compte d\u00e9j\u00e0 plus de 17 500 morts et des milliers de bless\u00e9s. D\u2019heure en heure, le bilan humain et mat\u00e9riel s\u2019alourdit et nos organisations partenaires sur le terrain sont d\u00e9j\u00e0 mobilis\u00e9es&#8230;<\/p>\n","protected":false},"author":3,"featured_media":3696,"comment_status":"closed","ping_status":"closed","sticky":false,"template":"","format":"standard","meta":[],"categories":[1],"tags":[],"_links":{"self":[{"href":"https:\/\/reseau.ccfd-terresolidaire.org\/loire-atlantique\/wp-json\/wp\/v2\/posts\/3664"}],"collection":[{"href":"https:\/\/reseau.ccfd-terresolidaire.org\/loire-atlantique\/wp-json\/wp\/v2\/posts"}],"about":[{"href":"https:\/\/reseau.ccfd-terresolidaire.org\/loire-atlantique\/wp-json\/wp\/v2\/types\/post"}],"author":[{"embeddable":true,"href":"https:\/\/reseau.ccfd-terresolidaire.org\/loire-atlantique\/wp-json\/wp\/v2\/users\/3"}],"replies":[{"embeddable":true,"href":"https:\/\/reseau.ccfd-terresolidaire.org\/loire-atlantique\/wp-json\/wp\/v2\/comments?post=3664"}],"version-history":[{"count":3,"href":"https:\/\/reseau.ccfd-terresolidaire.org\/loire-atlantique\/wp-json\/wp\/v2\/posts\/3664\/revisions"}],"predecessor-version":[{"id":3697,"href":"https:\/\/reseau.ccfd-terresolidaire.org\/loire-atlantique\/wp-json\/wp\/v2\/posts\/3664\/revisions\/3697"}],"wp:featuredmedia":[{"embeddable":true,"href":"https:\/\/reseau.ccfd-terresolidaire.org\/loire-atlantique\/wp-json\/wp\/v2\/media\/3696"}],"wp:attachment":[{"href":"https:\/\/reseau.ccfd-terresolidaire.org\/loire-atlantique\/wp-json\/wp\/v2\/media?parent=3664"}],"wp:term":[{"taxonomy":"category","embeddable":true,"href":"https:\/\/reseau.ccfd-terresolidaire.org\/loire-atlantique\/wp-json\/wp\/v2\/categories?post=3664"},{"taxonomy":"post_tag","embeddable":true,"href":"https:\/\/reseau.ccfd-terresolidaire.org\/loire-atlantique\/wp-json\/wp\/v2\/tags?post=3664"}],"curies":[{"name":"wp","href":"https:\/\/api.w.org\/{rel}","templated":true}]}}