{"id":3816,"date":"2023-03-01T11:19:25","date_gmt":"2023-03-01T10:19:25","guid":{"rendered":"https:\/\/reseau.ccfd-terresolidaire.org\/loire-atlantique\/?p=3816"},"modified":"2023-03-01T11:19:27","modified_gmt":"2023-03-01T10:19:27","slug":"au-nord-cameroun-les-populations-reprennent-leur-destin-en-main","status":"publish","type":"post","link":"https:\/\/reseau.ccfd-terresolidaire.org\/loire-atlantique\/2023\/03\/01\/au-nord-cameroun-les-populations-reprennent-leur-destin-en-main\/","title":{"rendered":"Au nord Cameroun, les populations reprennent leur destin en main !"},"content":{"rendered":"\n<p>Dans le monde, des millions de personnes victimes de conflits souffrent de la faim. C\u2019est le cas \u00e0 l\u2019extr\u00eame Nord du Cameroun. Depuis plusieurs ann\u00e9es, les attaques r\u00e9p\u00e9t\u00e9es de Boko Haram et de l\u2019\u00c9tat islamique ont oblig\u00e9 des familles \u00e0 fuir leur village.<\/p>\n\n\n\n<p class=\"has-text-align-center\"><span class=\"has-inline-color has-luminous-vivid-orange-color\"><strong>PR\u00c8S DE 400 000 PERSONNES SONT AUJOURD&rsquo;HUI <\/strong><br><strong>D\u00c9PLAC\u00c9ES DANS CETTE R\u00c9GION A CAUSE DES CONFLITS <\/strong><br><strong>ET DE L&rsquo;INS\u00c9CURIT\u00c9*.<\/strong><\/span><\/p>\n\n\n\n<p>Notre organisation partenaire le Comit\u00e9 Dioc\u00e9sain de D\u00e9veloppement (CDD) de Maroua Mokolo <strong>lutte contre l\u2019ins\u00e9curit\u00e9 alimentaire,<\/strong> travaille aussi \u00e0 <strong>apaiser les tensions entre les diff\u00e9rentes communaut\u00e9s et les appuie pour qu\u2019elles deviennent actrices de leur propre d\u00e9veloppement<\/strong>.<br><br>Pour ce faire, le CDD m\u00e8ne des projets li\u00e9s \u00e0<strong> la sant\u00e9, l\u2019\u00e9ducation, l\u2019acc\u00e8s \u00e0 l\u2019eau, l\u2019agriculture et particuli\u00e8rement l\u2019agro\u00e9cologie.<\/strong><br><br>Par le renforcement du tissu associatif et l\u2019organisation de dialogues communautaires, le CDD accompagne les populations locales : <strong>elles agissent ainsi ensemble sur le redressement \u00e9conomique<\/strong> de leur r\u00e9gion pour lutter contre la faim.<\/p>\n\n\n\n<p class=\"has-text-align-center\"><strong><span style=\"color:#094c68\" class=\"has-inline-color\">AVEC VOUS \u00c0 NOS C\u00d4T\u00c9S, LE CCFD-TERRE SOLIDAIRE <br>EST EN MESURE D&rsquo;AIDER DES COMMUNAUT\u00c9S \u00c0 SE NOURRIR ET \u00c0 VIVRE EN PAIX.<br>VOTRE SOUTIEN EST IRREMPLA\u00c7ABLE.<br> AVEC UN DON DE 150\u20ac<br>SOIT 51\u20ac APR\u00c8S D\u00c9DUCTION FISCALE<br>VOUS CONTRIBUEZ AU FINANCEMENT DE MICRO-PROJET <br>\u00c9CONOMIQUE OU SOCIAL D&rsquo;UNE ORGANISATION F\u00c9MININE AU CAMEROUN.<br> <a href=\"https:\/\/click.actu.terre-solidaire.org\/?qs=15cfdf4d7a0c285d88329cd15ee76f94cc84dfe003f8695a3fddac75dad38165694cfb6463dadb55922541261ccb936572991ac31393963f\" target=\"_blank\" rel=\"noreferrer noopener\">JE FAIS UN DON<\/a><\/span><\/strong><\/p>\n\n\n\n<p class=\"has-text-align-right\"><strong>Je vous remercie par avance pour votre g\u00e9n\u00e9rosit\u00e9.<\/strong><br><img loading=\"lazy\" width=\"2554\" height=\"2560\" class=\"wp-image-4076\" style=\"width: 150px\" src=\"https:\/\/reseau.ccfd-terresolidaire.org\/loire-atlantique\/wp-content\/uploads\/sites\/2\/2023\/03\/Leroux-scaled.jpeg\" alt=\"\" srcset=\"https:\/\/reseau.ccfd-terresolidaire.org\/loire-atlantique\/wp-content\/uploads\/sites\/2\/2023\/03\/Leroux-scaled.jpeg 2554w, https:\/\/reseau.ccfd-terresolidaire.org\/loire-atlantique\/wp-content\/uploads\/sites\/2\/2023\/03\/Leroux-300x300.jpeg 300w, https:\/\/reseau.ccfd-terresolidaire.org\/loire-atlantique\/wp-content\/uploads\/sites\/2\/2023\/03\/Leroux-1022x1024.jpeg 1022w, https:\/\/reseau.ccfd-terresolidaire.org\/loire-atlantique\/wp-content\/uploads\/sites\/2\/2023\/03\/Leroux-150x150.jpeg 150w, https:\/\/reseau.ccfd-terresolidaire.org\/loire-atlantique\/wp-content\/uploads\/sites\/2\/2023\/03\/Leroux-768x770.jpeg 768w, https:\/\/reseau.ccfd-terresolidaire.org\/loire-atlantique\/wp-content\/uploads\/sites\/2\/2023\/03\/Leroux-1532x1536.jpeg 1532w, https:\/\/reseau.ccfd-terresolidaire.org\/loire-atlantique\/wp-content\/uploads\/sites\/2\/2023\/03\/Leroux-2043x2048.jpeg 2043w\" sizes=\"(max-width: 2554px) 100vw, 2554px\" \/><strong><span class=\"has-inline-color has-luminous-vivid-orange-color\">Emilie Leroux<\/span><\/strong><br> Charg\u00e9e de mission Golfe de Guin\u00e9e<\/p>\n","protected":false},"excerpt":{"rendered":"<p>Dans le monde, des millions de personnes victimes de conflits souffrent de la faim. C\u2019est le cas \u00e0 l\u2019extr\u00eame Nord du Cameroun. Depuis plusieurs ann\u00e9es, les attaques r\u00e9p\u00e9t\u00e9es de Boko Haram et de l\u2019\u00c9tat islamique ont oblig\u00e9 des familles \u00e0 fuir leur village. PR\u00c8S DE 400 000 PERSONNES SONT AUJOURD&rsquo;HUI D\u00c9PLAC\u00c9ES DANS CETTE R\u00c9GION A&#8230;<\/p>\n","protected":false},"author":3,"featured_media":4077,"comment_status":"closed","ping_status":"closed","sticky":false,"template":"","format":"standard","meta":[],"categories":[1],"tags":[],"_links":{"self":[{"href":"https:\/\/reseau.ccfd-terresolidaire.org\/loire-atlantique\/wp-json\/wp\/v2\/posts\/3816"}],"collection":[{"href":"https:\/\/reseau.ccfd-terresolidaire.org\/loire-atlantique\/wp-json\/wp\/v2\/posts"}],"about":[{"href":"https:\/\/reseau.ccfd-terresolidaire.org\/loire-atlantique\/wp-json\/wp\/v2\/types\/post"}],"author":[{"embeddable":true,"href":"https:\/\/reseau.ccfd-terresolidaire.org\/loire-atlantique\/wp-json\/wp\/v2\/users\/3"}],"replies":[{"embeddable":true,"href":"https:\/\/reseau.ccfd-terresolidaire.org\/loire-atlantique\/wp-json\/wp\/v2\/comments?post=3816"}],"version-history":[{"count":2,"href":"https:\/\/reseau.ccfd-terresolidaire.org\/loire-atlantique\/wp-json\/wp\/v2\/posts\/3816\/revisions"}],"predecessor-version":[{"id":4078,"href":"https:\/\/reseau.ccfd-terresolidaire.org\/loire-atlantique\/wp-json\/wp\/v2\/posts\/3816\/revisions\/4078"}],"wp:featuredmedia":[{"embeddable":true,"href":"https:\/\/reseau.ccfd-terresolidaire.org\/loire-atlantique\/wp-json\/wp\/v2\/media\/4077"}],"wp:attachment":[{"href":"https:\/\/reseau.ccfd-terresolidaire.org\/loire-atlantique\/wp-json\/wp\/v2\/media?parent=3816"}],"wp:term":[{"taxonomy":"category","embeddable":true,"href":"https:\/\/reseau.ccfd-terresolidaire.org\/loire-atlantique\/wp-json\/wp\/v2\/categories?post=3816"},{"taxonomy":"post_tag","embeddable":true,"href":"https:\/\/reseau.ccfd-terresolidaire.org\/loire-atlantique\/wp-json\/wp\/v2\/tags?post=3816"}],"curies":[{"name":"wp","href":"https:\/\/api.w.org\/{rel}","templated":true}]}}