{"id":3925,"date":"2023-02-25T15:36:51","date_gmt":"2023-02-25T14:36:51","guid":{"rendered":"https:\/\/reseau.ccfd-terresolidaire.org\/loire-atlantique\/?p=3925"},"modified":"2023-02-25T15:37:43","modified_gmt":"2023-02-25T14:37:43","slug":"sauver-leau","status":"publish","type":"post","link":"https:\/\/reseau.ccfd-terresolidaire.org\/loire-atlantique\/2023\/02\/25\/sauver-leau\/","title":{"rendered":"SAUVER L\u2019EAU"},"content":{"rendered":"\n<p><\/p>\n\n\n\n<p>\u00a9Thierry Br\u00e9sillon\/CCFD-Terre  Solidaire<\/p>\n\n\n\n<p><strong>Une conf\u00e9rence d\u00e9bat qui s\u2019annonce passionnante <\/strong>avec <strong>Patrick FRENEL<\/strong>, <em>G\u00e9ologue Consultant international sur la Gestion des Ressources en Eau et <\/em><strong>Michel DEMOLDER<\/strong>, <em>Maire de Pont-P\u00e9an, Pr\u00e9sident de la Collectivit\u00e9 Eau du Bassin Rennais<\/em><\/p>\n\n\n\n<p>L\u2019eau, facteur de d\u00e9veloppement dans le monde, les in\u00e9galit\u00e9s g\u00e9ographiques, la sur-consommation, les manques, l\u2019eau virtuelle\u2026Quelle gouvernance\u2026 ?<\/p>\n\n\n\n<p style=\"font-size:22px\"><em><strong><span style=\"color:#ff6720\" class=\"has-inline-color\">\u00c0 ch\u00e2teaubriant \u2013 Mercredi 8 mars \u00e0 la Halle de B\u00e9r\u00e9.<\/span><\/strong><\/em><\/p>\n\n\n\n<p><em><span style=\"color:#00558c\" class=\"has-inline-color\">Au programme<\/span><\/em><br><em><strong>19 h&nbsp;: Repas solidaire <\/strong>&#8211;<\/em><strong> Repas frugal pr\u00e9par\u00e9 par les membres du CCFD-Terre Solidaire<\/strong><br><strong>20h conf\u00e9rence d\u00e9bat <\/strong><\/p>\n\n\n\n<p><strong><em>Participation libre au profit de projets du CCFD-Terre solidaire<\/em><\/strong><\/p>\n\n\n\n<p><a href=\"https:\/\/reseau.ccfd-terresolidaire.org\/loire-atlantique\/wp-content\/uploads\/sites\/2\/2023\/02\/CCFD-Repas-Solidaire-8-mars-2023_EAU_Chateaubriant_Le-Souffle6113.pdf\">Voir l&rsquo;invitation<\/a><\/p>\n","protected":false},"excerpt":{"rendered":"<p>\u00a9Thierry Br\u00e9sillon\/CCFD-Terre Solidaire Une conf\u00e9rence d\u00e9bat qui s\u2019annonce passionnante avec Patrick FRENEL, G\u00e9ologue Consultant international sur la Gestion des Ressources en Eau et Michel DEMOLDER, Maire de Pont-P\u00e9an, Pr\u00e9sident de la Collectivit\u00e9 Eau du Bassin Rennais L\u2019eau, facteur de d\u00e9veloppement dans le monde, les in\u00e9galit\u00e9s g\u00e9ographiques, la sur-consommation, les manques, l\u2019eau virtuelle\u2026Quelle gouvernance\u2026 ? \u00c0&#8230;<\/p>\n","protected":false},"author":4,"featured_media":3926,"comment_status":"closed","ping_status":"closed","sticky":false,"template":"","format":"standard","meta":[],"categories":[14],"tags":[],"_links":{"self":[{"href":"https:\/\/reseau.ccfd-terresolidaire.org\/loire-atlantique\/wp-json\/wp\/v2\/posts\/3925"}],"collection":[{"href":"https:\/\/reseau.ccfd-terresolidaire.org\/loire-atlantique\/wp-json\/wp\/v2\/posts"}],"about":[{"href":"https:\/\/reseau.ccfd-terresolidaire.org\/loire-atlantique\/wp-json\/wp\/v2\/types\/post"}],"author":[{"embeddable":true,"href":"https:\/\/reseau.ccfd-terresolidaire.org\/loire-atlantique\/wp-json\/wp\/v2\/users\/4"}],"replies":[{"embeddable":true,"href":"https:\/\/reseau.ccfd-terresolidaire.org\/loire-atlantique\/wp-json\/wp\/v2\/comments?post=3925"}],"version-history":[{"count":2,"href":"https:\/\/reseau.ccfd-terresolidaire.org\/loire-atlantique\/wp-json\/wp\/v2\/posts\/3925\/revisions"}],"predecessor-version":[{"id":3928,"href":"https:\/\/reseau.ccfd-terresolidaire.org\/loire-atlantique\/wp-json\/wp\/v2\/posts\/3925\/revisions\/3928"}],"wp:featuredmedia":[{"embeddable":true,"href":"https:\/\/reseau.ccfd-terresolidaire.org\/loire-atlantique\/wp-json\/wp\/v2\/media\/3926"}],"wp:attachment":[{"href":"https:\/\/reseau.ccfd-terresolidaire.org\/loire-atlantique\/wp-json\/wp\/v2\/media?parent=3925"}],"wp:term":[{"taxonomy":"category","embeddable":true,"href":"https:\/\/reseau.ccfd-terresolidaire.org\/loire-atlantique\/wp-json\/wp\/v2\/categories?post=3925"},{"taxonomy":"post_tag","embeddable":true,"href":"https:\/\/reseau.ccfd-terresolidaire.org\/loire-atlantique\/wp-json\/wp\/v2\/tags?post=3925"}],"curies":[{"name":"wp","href":"https:\/\/api.w.org\/{rel}","templated":true}]}}