{"id":4075,"date":"2023-03-08T11:01:18","date_gmt":"2023-03-08T10:01:18","guid":{"rendered":"https:\/\/reseau.ccfd-terresolidaire.org\/loire-atlantique\/?p=4075"},"modified":"2023-03-08T11:09:52","modified_gmt":"2023-03-08T10:09:52","slug":"en-colombie-accompagnons-les-femmes-contre-la-violence-et-la-pauvrete","status":"publish","type":"post","link":"https:\/\/reseau.ccfd-terresolidaire.org\/loire-atlantique\/2023\/03\/08\/en-colombie-accompagnons-les-femmes-contre-la-violence-et-la-pauvrete\/","title":{"rendered":"En Colombie, accompagnons les femmes contre la violence et la pauvret\u00e9"},"content":{"rendered":"\n<p>En Colombie, plusieurs facteurs accentuent les violences envers les femmes<strong> : explosion de la pauvret\u00e9, absence de r\u00e9forme agraire, conflits dans le monde rural et faible mise en \u0153uvre de l\u2019Accord de paix pass\u00e9 avec les FARC.<\/strong><br>Afin d\u2019aider les femmes \u00e0 <strong>d\u00e9ployer leurs actions pour le droit \u00e0 une vie sans violence et am\u00e9liorer leurs conditions de vie<\/strong>, notre organisation partenaire Vamos Mujer se mobilise.<br>Elle accompagne des villageoises et anciennes membres des FARC dans un travail de m\u00e9moire et de r\u00e9conciliation au sein des territoires et \u00e9labore avec elles des <strong>alternatives durables<\/strong> (agro\u00e9cologie, gestion de l\u2019eau, semences paysannes\u2026).<br>Vamos Mujer poursuit un but : <strong>l\u2019autonomie \u00e9conomique des femmes et agit ainsi contre la faim dans un pays en marche vers la paix.<\/strong><\/p>\n\n\n\n<div class=\"wp-block-image\"><figure class=\"aligncenter size-large is-resized\"><a href=\"https:\/\/click.actu.terre-solidaire.org\/?qs=4fed6e44f757c252f0caabaef407ca03b863f543870ecda3482fff2e486c2ee2ca83067eabbb2c5c5bc94bc232c273493d9c61e3ef26f316\" target=\"_blank\" rel=\"noopener\"><img loading=\"lazy\" src=\"https:\/\/reseau.ccfd-terresolidaire.org\/loire-atlantique\/wp-content\/uploads\/sites\/2\/2023\/03\/je-fais-un-don-1024x894.jpg\" alt=\"\" class=\"wp-image-4189\" width=\"840\" height=\"733\" srcset=\"https:\/\/reseau.ccfd-terresolidaire.org\/loire-atlantique\/wp-content\/uploads\/sites\/2\/2023\/03\/je-fais-un-don-1024x894.jpg 1024w, https:\/\/reseau.ccfd-terresolidaire.org\/loire-atlantique\/wp-content\/uploads\/sites\/2\/2023\/03\/je-fais-un-don-300x262.jpg 300w, https:\/\/reseau.ccfd-terresolidaire.org\/loire-atlantique\/wp-content\/uploads\/sites\/2\/2023\/03\/je-fais-un-don-768x671.jpg 768w, https:\/\/reseau.ccfd-terresolidaire.org\/loire-atlantique\/wp-content\/uploads\/sites\/2\/2023\/03\/je-fais-un-don-1536x1342.jpg 1536w, https:\/\/reseau.ccfd-terresolidaire.org\/loire-atlantique\/wp-content\/uploads\/sites\/2\/2023\/03\/je-fais-un-don-2048x1789.jpg 2048w\" sizes=\"(max-width: 840px) 100vw, 840px\" \/><\/a><\/figure><\/div>\n\n\n\n<p class=\"has-text-align-left\"><em><strong>Je vous remercie tr\u00e8s chaleureusement pour votre confiance et votre solidarit\u00e9.<\/strong><\/em><\/p>\n\n\n\n<p class=\"has-text-align-right\"><img loading=\"lazy\" width=\"400\" height=\"400\" class=\"wp-image-4185\" style=\"width: 150px\" src=\"https:\/\/reseau.ccfd-terresolidaire.org\/loire-atlantique\/wp-content\/uploads\/sites\/2\/2023\/03\/Brochard-Mathilde.jpeg\" alt=\"\" srcset=\"https:\/\/reseau.ccfd-terresolidaire.org\/loire-atlantique\/wp-content\/uploads\/sites\/2\/2023\/03\/Brochard-Mathilde.jpeg 400w, https:\/\/reseau.ccfd-terresolidaire.org\/loire-atlantique\/wp-content\/uploads\/sites\/2\/2023\/03\/Brochard-Mathilde-300x300.jpeg 300w, https:\/\/reseau.ccfd-terresolidaire.org\/loire-atlantique\/wp-content\/uploads\/sites\/2\/2023\/03\/Brochard-Mathilde-150x150.jpeg 150w\" sizes=\"(max-width: 400px) 100vw, 400px\" \/><br><strong>Mathilde Brochard<br>Charg\u00e9e de mission pour les Pays Andins<\/strong><br><\/p>\n","protected":false},"excerpt":{"rendered":"<p>En Colombie, plusieurs facteurs accentuent les violences envers les femmes : explosion de la pauvret\u00e9, absence de r\u00e9forme agraire, conflits dans le monde rural et faible mise en \u0153uvre de l\u2019Accord de paix pass\u00e9 avec les FARC.Afin d\u2019aider les femmes \u00e0 d\u00e9ployer leurs actions pour le droit \u00e0 une vie sans violence et am\u00e9liorer leurs&#8230;<\/p>\n","protected":false},"author":3,"featured_media":4184,"comment_status":"closed","ping_status":"closed","sticky":false,"template":"","format":"standard","meta":[],"categories":[1],"tags":[],"_links":{"self":[{"href":"https:\/\/reseau.ccfd-terresolidaire.org\/loire-atlantique\/wp-json\/wp\/v2\/posts\/4075"}],"collection":[{"href":"https:\/\/reseau.ccfd-terresolidaire.org\/loire-atlantique\/wp-json\/wp\/v2\/posts"}],"about":[{"href":"https:\/\/reseau.ccfd-terresolidaire.org\/loire-atlantique\/wp-json\/wp\/v2\/types\/post"}],"author":[{"embeddable":true,"href":"https:\/\/reseau.ccfd-terresolidaire.org\/loire-atlantique\/wp-json\/wp\/v2\/users\/3"}],"replies":[{"embeddable":true,"href":"https:\/\/reseau.ccfd-terresolidaire.org\/loire-atlantique\/wp-json\/wp\/v2\/comments?post=4075"}],"version-history":[{"count":4,"href":"https:\/\/reseau.ccfd-terresolidaire.org\/loire-atlantique\/wp-json\/wp\/v2\/posts\/4075\/revisions"}],"predecessor-version":[{"id":4191,"href":"https:\/\/reseau.ccfd-terresolidaire.org\/loire-atlantique\/wp-json\/wp\/v2\/posts\/4075\/revisions\/4191"}],"wp:featuredmedia":[{"embeddable":true,"href":"https:\/\/reseau.ccfd-terresolidaire.org\/loire-atlantique\/wp-json\/wp\/v2\/media\/4184"}],"wp:attachment":[{"href":"https:\/\/reseau.ccfd-terresolidaire.org\/loire-atlantique\/wp-json\/wp\/v2\/media?parent=4075"}],"wp:term":[{"taxonomy":"category","embeddable":true,"href":"https:\/\/reseau.ccfd-terresolidaire.org\/loire-atlantique\/wp-json\/wp\/v2\/categories?post=4075"},{"taxonomy":"post_tag","embeddable":true,"href":"https:\/\/reseau.ccfd-terresolidaire.org\/loire-atlantique\/wp-json\/wp\/v2\/tags?post=4075"}],"curies":[{"name":"wp","href":"https:\/\/api.w.org\/{rel}","templated":true}]}}