{"id":4154,"date":"2023-03-06T16:52:20","date_gmt":"2023-03-06T15:52:20","guid":{"rendered":"https:\/\/reseau.ccfd-terresolidaire.org\/loire-atlantique\/?p=4154"},"modified":"2023-03-06T16:52:21","modified_gmt":"2023-03-06T15:52:21","slug":"soiree-debat-lamazonie","status":"publish","type":"post","link":"https:\/\/reseau.ccfd-terresolidaire.org\/loire-atlantique\/2023\/03\/06\/soiree-debat-lamazonie\/","title":{"rendered":"Soir\u00e9e &#8211; d\u00e9bat : L&rsquo;Amazonie"},"content":{"rendered":"\n<p><strong>\u00a9<\/strong>Eric Garault\/CCFD-Terre Solidaire<\/p>\n\n\n\n<p><strong><span style=\"color:#ff6720\" class=\"has-inline-color\">Mardi 14 mars \u00e0 2015 \u00e0 la Salle St Matthieu \u00e0 Ste Luce sur Loire, 21 rue du Pr\u00e9sident Coty<\/span><\/strong><\/p>\n\n\n\n<p>Nous aurons la chance d\u2019avoir en visio conf\u00e9rence la pr\u00e9sence exceptionnelle de <strong><span style=\"color:#ff6720\" class=\"has-inline-color\">Jules Girardet, charg\u00e9 de mission au CCFD-Terre Solidaire. C\u2019est une grande chance car on conna\u00eet l\u2019expertise des charg\u00e9s de mission sur les pays. <\/span><\/strong>Il t\u00e9moignera du travail des partenaires du CCFD-Terre Solidaire face \u00e0 la d\u00e9forestation et \u00e0 l\u2019exploitation des populations autochtones.<br>S\u2019il y a possibilit\u00e9 de participer en visio, nous vous invitons \u00e0 \u00eatre pr\u00e9sent \u00e0 Ste Luce pour au moins 2 raisons\u00a0:<br>1) Un d\u00e9bat sera possible sur place et il y aura la possibilit\u00e9 de poser toutes vos questions \u00e0 Jules Girardet et aussi de d\u00e9battre entre nous.<br>2) Un pot de l&rsquo;amiti\u00e9 cl\u00f4turera la soir\u00e9e<\/p>\n\n\n\n<p>Nous vous attendons nombreux.<\/p>\n\n\n\n<p><a href=\"https:\/\/reseau.ccfd-terresolidaire.org\/loire-atlantique\/wp-content\/uploads\/sites\/2\/2023\/03\/flyerA5Amazonie.pdf\">Voir l&rsquo;invitation et le lien visio sur l&rsquo;invitation<\/a><\/p>\n","protected":false},"excerpt":{"rendered":"<p>\u00a9Eric Garault\/CCFD-Terre Solidaire Mardi 14 mars \u00e0 2015 \u00e0 la Salle St Matthieu \u00e0 Ste Luce sur Loire, 21 rue du Pr\u00e9sident Coty Nous aurons la chance d\u2019avoir en visio conf\u00e9rence la pr\u00e9sence exceptionnelle de Jules Girardet, charg\u00e9 de mission au CCFD-Terre Solidaire. C\u2019est une grande chance car on conna\u00eet l\u2019expertise des charg\u00e9s de mission&#8230;<\/p>\n","protected":false},"author":4,"featured_media":4162,"comment_status":"closed","ping_status":"closed","sticky":false,"template":"","format":"standard","meta":[],"categories":[14],"tags":[],"_links":{"self":[{"href":"https:\/\/reseau.ccfd-terresolidaire.org\/loire-atlantique\/wp-json\/wp\/v2\/posts\/4154"}],"collection":[{"href":"https:\/\/reseau.ccfd-terresolidaire.org\/loire-atlantique\/wp-json\/wp\/v2\/posts"}],"about":[{"href":"https:\/\/reseau.ccfd-terresolidaire.org\/loire-atlantique\/wp-json\/wp\/v2\/types\/post"}],"author":[{"embeddable":true,"href":"https:\/\/reseau.ccfd-terresolidaire.org\/loire-atlantique\/wp-json\/wp\/v2\/users\/4"}],"replies":[{"embeddable":true,"href":"https:\/\/reseau.ccfd-terresolidaire.org\/loire-atlantique\/wp-json\/wp\/v2\/comments?post=4154"}],"version-history":[{"count":1,"href":"https:\/\/reseau.ccfd-terresolidaire.org\/loire-atlantique\/wp-json\/wp\/v2\/posts\/4154\/revisions"}],"predecessor-version":[{"id":4160,"href":"https:\/\/reseau.ccfd-terresolidaire.org\/loire-atlantique\/wp-json\/wp\/v2\/posts\/4154\/revisions\/4160"}],"wp:featuredmedia":[{"embeddable":true,"href":"https:\/\/reseau.ccfd-terresolidaire.org\/loire-atlantique\/wp-json\/wp\/v2\/media\/4162"}],"wp:attachment":[{"href":"https:\/\/reseau.ccfd-terresolidaire.org\/loire-atlantique\/wp-json\/wp\/v2\/media?parent=4154"}],"wp:term":[{"taxonomy":"category","embeddable":true,"href":"https:\/\/reseau.ccfd-terresolidaire.org\/loire-atlantique\/wp-json\/wp\/v2\/categories?post=4154"},{"taxonomy":"post_tag","embeddable":true,"href":"https:\/\/reseau.ccfd-terresolidaire.org\/loire-atlantique\/wp-json\/wp\/v2\/tags?post=4154"}],"curies":[{"name":"wp","href":"https:\/\/api.w.org\/{rel}","templated":true}]}}