{"id":4175,"date":"2023-03-07T12:08:46","date_gmt":"2023-03-07T11:08:46","guid":{"rendered":"https:\/\/reseau.ccfd-terresolidaire.org\/loire-atlantique\/?p=4175"},"modified":"2023-03-07T12:08:47","modified_gmt":"2023-03-07T11:08:47","slug":"accueillez-avec-nous-karim-abdelgany","status":"publish","type":"post","link":"https:\/\/reseau.ccfd-terresolidaire.org\/loire-atlantique\/2023\/03\/07\/accueillez-avec-nous-karim-abdelgany\/","title":{"rendered":"Accueillez avec nous KARIM ABDELGANY"},"content":{"rendered":"\n<p><strong>\u00c0 la Maison dioc\u00e9saine Saint-Julien, 26 rue Albert-Maignan \u2013 Le Mans<\/strong><\/p>\n\n\n\n<p class=\"has-text-align-center\" style=\"font-size:26px\"><strong><span style=\"color:#ff6720\" class=\"has-inline-color\">JOURN\u00c9E R\u00c9GIONALE &#8211; SAMEDI 18 MARS De 10h \u00e0 16h<\/span><\/strong><\/p>\n\n\n\n<p>Pour\u00a0 le Car\u00eame 2023, le CCFD-Terre Solidaire des Pays de la Loire accueille <strong>Karim ABDELGANY <\/strong>coordinateur de l\u2019association d\u2019action de d\u00e9veloppement int\u00e9gral de Minia (ADIM)<br>Au programme\u00a0:<br><strong>10h30 \u2013 12h : Temps d\u2019ateliers <\/strong>&#8211; D\u00e9pendances et\u00a0sobri\u00e9t\u00e9 : choix ou contrainte ?<br><strong>12h \u2013 13h30 <\/strong>: pique-nique tir\u00e9 du sac<br><strong>13h30 \u2013 16h : Table Ronde <\/strong>avec la participation des b\u00e9n\u00e9voles du CCFD-Terre Solidaire, Karim ABDELGANY et Arnaud GROUTDEBEAUFORT charg\u00e9 de mission Afrique du Nord<\/p>\n\n\n\n<p style=\"font-size:19px\"><strong><span style=\"color:#ff6720\" class=\"has-inline-color\">\u00c9gypte \u2013 ADIM (Association de D\u00e9veloppement Int\u00e9gr\u00e9 de Minya)<\/span><\/strong><\/p>\n\n\n\n<p>Fond\u00e9 en 1986, <strong>ADIM<\/strong> travaille au d\u00e9veloppement rural dans plusieurs villages de la r\u00e9gion de Minya, en Haute-\u00c9gypte.<br>L\u2019association promeut l\u2019agro\u00e9cologie et veille \u00e0 renforcer la participation des communaut\u00e9s rurales, notamment des femmes et des jeunes, au d\u00e9veloppement local. Dans un contexte de fortes tensions, l\u2019association se mobilise \u00e9galement pour favoriser le dialogue et la cohabitation entre les communaut\u00e9s chr\u00e9tiennes et musulmanes.<br>ADIM met en \u0153uvre depuis 2011 un programme d\u2019engagement citoyen de la jeunesse avec plusieurs communaut\u00e9s rurales.<br>L&rsquo;engagement des jeunes s&rsquo;est fortement r\u00e9duit compte tenu du sentiment de d\u00e9sillusion qu&rsquo;a entra\u00een\u00e9 l&rsquo;\u00e9chec des espoirs de d\u00e9mocratisation port\u00e9s par les printemps arabes. Par ailleurs, la d\u00e9gradation de la situation \u00e9conomique a contraint les jeunes \u00e0 se soucier d&rsquo;abord de trouver une source de revenus.<br>Gr\u00e2ce \u00e0 son ancrage local et \u00e0 sa neutralit\u00e9 politique, ADIM a pu encourager les jeunes \u00e0 prendre des initiatives pour am\u00e9liorer certains aspects de la vie publique (dans les domaines de l\u2019\u00e9ducation, des services sociaux). Adim encourage aujourd\u2019hui les jeunes \u00e0 d\u00e9velopper leurs comp\u00e9tences et leur confiance en eux pour pouvoir jouer un r\u00f4le actif et cr\u00e9atif au sein de leurs communaut\u00e9s.<\/p>\n\n\n\n<p><a href=\"https:\/\/reseau.ccfd-terresolidaire.org\/loire-atlantique\/wp-content\/uploads\/sites\/2\/2023\/03\/Flyer-Accueil-du-Partenaire_PdL_2023.pdf\">Voir l&rsquo;invitation<\/a><\/p>\n\n\n\n<p><\/p>\n","protected":false},"excerpt":{"rendered":"<p>\u00c0 la Maison dioc\u00e9saine Saint-Julien, 26 rue Albert-Maignan \u2013 Le Mans JOURN\u00c9E R\u00c9GIONALE &#8211; SAMEDI 18 MARS De 10h \u00e0 16h Pour\u00a0 le Car\u00eame 2023, le CCFD-Terre Solidaire des Pays de la Loire accueille Karim ABDELGANY coordinateur de l\u2019association d\u2019action de d\u00e9veloppement int\u00e9gral de Minia (ADIM)Au programme\u00a0:10h30 \u2013 12h : Temps d\u2019ateliers &#8211; D\u00e9pendances et\u00a0sobri\u00e9t\u00e9&#8230;<\/p>\n","protected":false},"author":4,"featured_media":4180,"comment_status":"closed","ping_status":"closed","sticky":false,"template":"","format":"standard","meta":[],"categories":[1],"tags":[],"_links":{"self":[{"href":"https:\/\/reseau.ccfd-terresolidaire.org\/loire-atlantique\/wp-json\/wp\/v2\/posts\/4175"}],"collection":[{"href":"https:\/\/reseau.ccfd-terresolidaire.org\/loire-atlantique\/wp-json\/wp\/v2\/posts"}],"about":[{"href":"https:\/\/reseau.ccfd-terresolidaire.org\/loire-atlantique\/wp-json\/wp\/v2\/types\/post"}],"author":[{"embeddable":true,"href":"https:\/\/reseau.ccfd-terresolidaire.org\/loire-atlantique\/wp-json\/wp\/v2\/users\/4"}],"replies":[{"embeddable":true,"href":"https:\/\/reseau.ccfd-terresolidaire.org\/loire-atlantique\/wp-json\/wp\/v2\/comments?post=4175"}],"version-history":[{"count":1,"href":"https:\/\/reseau.ccfd-terresolidaire.org\/loire-atlantique\/wp-json\/wp\/v2\/posts\/4175\/revisions"}],"predecessor-version":[{"id":4177,"href":"https:\/\/reseau.ccfd-terresolidaire.org\/loire-atlantique\/wp-json\/wp\/v2\/posts\/4175\/revisions\/4177"}],"wp:featuredmedia":[{"embeddable":true,"href":"https:\/\/reseau.ccfd-terresolidaire.org\/loire-atlantique\/wp-json\/wp\/v2\/media\/4180"}],"wp:attachment":[{"href":"https:\/\/reseau.ccfd-terresolidaire.org\/loire-atlantique\/wp-json\/wp\/v2\/media?parent=4175"}],"wp:term":[{"taxonomy":"category","embeddable":true,"href":"https:\/\/reseau.ccfd-terresolidaire.org\/loire-atlantique\/wp-json\/wp\/v2\/categories?post=4175"},{"taxonomy":"post_tag","embeddable":true,"href":"https:\/\/reseau.ccfd-terresolidaire.org\/loire-atlantique\/wp-json\/wp\/v2\/tags?post=4175"}],"curies":[{"name":"wp","href":"https:\/\/api.w.org\/{rel}","templated":true}]}}