{"id":4212,"date":"2023-03-29T15:14:11","date_gmt":"2023-03-29T13:14:11","guid":{"rendered":"https:\/\/reseau.ccfd-terresolidaire.org\/loire-atlantique\/?p=4212"},"modified":"2023-03-29T15:19:34","modified_gmt":"2023-03-29T13:19:34","slug":"combattez-linsecurite-alimentaire-au-tchad","status":"publish","type":"post","link":"https:\/\/reseau.ccfd-terresolidaire.org\/loire-atlantique\/2023\/03\/29\/combattez-linsecurite-alimentaire-au-tchad\/","title":{"rendered":"Combattez l&rsquo;ins\u00e9curit\u00e9 alimentaire au Tchad"},"content":{"rendered":"\n<p class=\"has-text-align-left\">Le Tchad vit une p\u00e9riode difficile.<strong> 42 % de sa population vit sous le seuil de pauvret\u00e9* et la concurrence autour des ressources naturelles<\/strong> cr\u00e9e des tensions intercommunautaires qui <strong>menacent la s\u00e9curit\u00e9 alimentaire des populations<\/strong>.<br><br><strong><span class=\"has-inline-color has-luminous-vivid-orange-color\">Le Programme Paix et vivre ensemble<\/span><\/strong>, port\u00e9 par plusieurs de nos organisations partenaires, vise la r\u00e9conciliation des communaut\u00e9s et le d\u00e9veloppement des zones touch\u00e9es par les conflits.<br><br>Elles agissent notamment pour une meilleure coh\u00e9sion sociale et des soci\u00e9t\u00e9s plus tol\u00e9rantes par l&rsquo;organisation de dialogues entre les communaut\u00e9s et la promotion de syst\u00e8mes alimentaires sains et \u00e9quitables. Les communaut\u00e9s sont accompagn\u00e9es pour s\u2019engager ensemble dans des projets portant sur l\u2019agro\u00e9cologie, la justice ou la lutte contre les violences de genre.<br><br><span class=\"has-inline-color has-luminous-vivid-orange-color\"><strong>Ensemble, nous pouvons consid\u00e9rablement am\u00e9liorer la vie de centaines de milliers de Tchadiennes et de Tchadiens.<\/strong><\/span><\/p>\n\n\n\n<p class=\"has-text-align-center\"> <a rel=\"noreferrer noopener\" href=\"https:\/\/click.actu.terre-solidaire.org\/?qs=bd9acd8444a2efeb9fccef229bc6ad30572fe2d3c8a863be023998f6811335853a6d212aa6748ce100a897793aa9fe7437a67b700dddc1b35781ee642a14c1bb\" data-type=\"URL\" data-id=\"https:\/\/click.actu.terre-solidaire.org\/?qs=bd9acd8444a2efeb9fccef229bc6ad30572fe2d3c8a863be023998f6811335853a6d212aa6748ce100a897793aa9fe7437a67b700dddc1b35781ee642a14c1bb\" target=\"_blank\"><img loading=\"lazy\" width=\"1498\" height=\"1514\" class=\"wp-image-4242\" style=\"width: 700px\" src=\"https:\/\/reseau.ccfd-terresolidaire.org\/loire-atlantique\/wp-content\/uploads\/sites\/2\/2023\/03\/faire-don.jpg\" alt=\"\" srcset=\"https:\/\/reseau.ccfd-terresolidaire.org\/loire-atlantique\/wp-content\/uploads\/sites\/2\/2023\/03\/faire-don.jpg 1498w, https:\/\/reseau.ccfd-terresolidaire.org\/loire-atlantique\/wp-content\/uploads\/sites\/2\/2023\/03\/faire-don-297x300.jpg 297w, https:\/\/reseau.ccfd-terresolidaire.org\/loire-atlantique\/wp-content\/uploads\/sites\/2\/2023\/03\/faire-don-1013x1024.jpg 1013w, https:\/\/reseau.ccfd-terresolidaire.org\/loire-atlantique\/wp-content\/uploads\/sites\/2\/2023\/03\/faire-don-768x776.jpg 768w\" sizes=\"(max-width: 1498px) 100vw, 1498px\" \/><\/a><br><br><\/p>\n\n\n\n<p class=\"has-text-align-left\">Sans vous, ces actions ne pourraient \u00eatre mises en place \u00e0 long terme.<br>Je vous remercie par avance pour votre soutien.<br> <br><strong>Bruno Angsthelm<br> Charg\u00e9 de mission Afrique Centrale<\/strong><\/p>\n","protected":false},"excerpt":{"rendered":"<p>Le Tchad vit une p\u00e9riode difficile. 42 % de sa population vit sous le seuil de pauvret\u00e9* et la concurrence autour des ressources naturelles cr\u00e9e des tensions intercommunautaires qui menacent la s\u00e9curit\u00e9 alimentaire des populations. Le Programme Paix et vivre ensemble, port\u00e9 par plusieurs de nos organisations partenaires, vise la r\u00e9conciliation des communaut\u00e9s et le&#8230;<\/p>\n","protected":false},"author":3,"featured_media":4241,"comment_status":"closed","ping_status":"closed","sticky":false,"template":"","format":"standard","meta":[],"categories":[1],"tags":[],"_links":{"self":[{"href":"https:\/\/reseau.ccfd-terresolidaire.org\/loire-atlantique\/wp-json\/wp\/v2\/posts\/4212"}],"collection":[{"href":"https:\/\/reseau.ccfd-terresolidaire.org\/loire-atlantique\/wp-json\/wp\/v2\/posts"}],"about":[{"href":"https:\/\/reseau.ccfd-terresolidaire.org\/loire-atlantique\/wp-json\/wp\/v2\/types\/post"}],"author":[{"embeddable":true,"href":"https:\/\/reseau.ccfd-terresolidaire.org\/loire-atlantique\/wp-json\/wp\/v2\/users\/3"}],"replies":[{"embeddable":true,"href":"https:\/\/reseau.ccfd-terresolidaire.org\/loire-atlantique\/wp-json\/wp\/v2\/comments?post=4212"}],"version-history":[{"count":4,"href":"https:\/\/reseau.ccfd-terresolidaire.org\/loire-atlantique\/wp-json\/wp\/v2\/posts\/4212\/revisions"}],"predecessor-version":[{"id":4246,"href":"https:\/\/reseau.ccfd-terresolidaire.org\/loire-atlantique\/wp-json\/wp\/v2\/posts\/4212\/revisions\/4246"}],"wp:featuredmedia":[{"embeddable":true,"href":"https:\/\/reseau.ccfd-terresolidaire.org\/loire-atlantique\/wp-json\/wp\/v2\/media\/4241"}],"wp:attachment":[{"href":"https:\/\/reseau.ccfd-terresolidaire.org\/loire-atlantique\/wp-json\/wp\/v2\/media?parent=4212"}],"wp:term":[{"taxonomy":"category","embeddable":true,"href":"https:\/\/reseau.ccfd-terresolidaire.org\/loire-atlantique\/wp-json\/wp\/v2\/categories?post=4212"},{"taxonomy":"post_tag","embeddable":true,"href":"https:\/\/reseau.ccfd-terresolidaire.org\/loire-atlantique\/wp-json\/wp\/v2\/tags?post=4212"}],"curies":[{"name":"wp","href":"https:\/\/api.w.org\/{rel}","templated":true}]}}