{"id":4951,"date":"2023-07-08T14:31:25","date_gmt":"2023-07-08T12:31:25","guid":{"rendered":"https:\/\/reseau.ccfd-terresolidaire.org\/loire-atlantique\/?p=4951"},"modified":"2023-07-08T14:31:26","modified_gmt":"2023-07-08T12:31:26","slug":"senegal-la-reinsertion-locale-pour-lutter-contre-les-drames-en-mer","status":"publish","type":"post","link":"https:\/\/reseau.ccfd-terresolidaire.org\/loire-atlantique\/2023\/07\/08\/senegal-la-reinsertion-locale-pour-lutter-contre-les-drames-en-mer\/","title":{"rendered":"S\u00e9n\u00e9gal : la r\u00e9insertion locale pour lutter contre les drames en mer"},"content":{"rendered":"\n<p><strong>\u00c0 Mbour, grand port de p\u00eache du S\u00e9n\u00e9gal, faute de ressources halieutiques suffisantes, tous les jeunes hommes ont pens\u00e9 \u00e0 migrer en pirogue, direction l\u2019Espagne. Face \u00e0 la multiplication des drames en mer, l\u2019Association nationale des partenaires migrants (ANPM) accompagne les exil\u00e9s rapatri\u00e9s, refoul\u00e9s, ou candidats au d\u00e9part dans des projets de r\u00e9insertion sociale et \u00e9conomique tout en sensibilisant la population aux droits \u00e0 la migration.<\/strong><\/p>\n\n\n\n<p>Il est 7h30. Khalifa, 27 ans, a les yeux perdus vers le large : <em>\u00ab Tous les jeunes que vous voyez veulent partir en Europe pour aider leur famille. C\u2019est trop dur de vivre ici. \u00bb<\/em> En ce mois de mars, \u00e0 Mbour, le deuxi\u00e8me port du <a href=\"https:\/\/ccfd-terresolidaire.org\/tag\/senegal\/\">S\u00e9n\u00e9gal<\/a>, \u00e0 80 kilom\u00e8tres au sud de Dakar, les pr\u00e9paratifs pour la vente journali\u00e8re du poisson battent leur plein. Au premier plan, une vaste plage et des centaines de S\u00e9n\u00e9galais, principalement des femmes, remplissent des bassines d\u2019eau, aff\u00fbtent des couteaux, installent des tabourets, haranguent le passant. Au second plan, d\u2019immenses pirogues color\u00e9es pos\u00e9es sur le sable ou en train d\u2019accoster.<\/p>\n\n\n\n<p>Enfin, l\u2019oc\u00e9an Atlantique \u00e0 perte de vue, o\u00f9 l\u2019horizon se confond avec la grisaille du large. Le jeune homme est habitu\u00e9 au d\u00e9cor et aux bruits quotidiens du grand port de <a href=\"https:\/\/ccfd-terresolidaire.org\/tag\/peche\/\">p\u00eache<\/a>. <em>\u00ab Je suis n\u00e9 ici, j\u2019y ai pass\u00e9 la plupart de mon temps. \u00bb<\/em> Il n\u2019est pas triste, mais r\u00e9sign\u00e9. Ce matin comme tant d\u2019autres, la p\u00eache n\u2019a pas \u00e9t\u00e9 bonne. Quand elles rentrent au port, les pirogues sont quasiment vides. Khalifa ne gagne plus sa vie en tant que mareyeur \u2013 ce m\u00e9tier qui consiste \u00e0 acheter le poisson aux p\u00eacheurs pour le revendre dans tout le pays. Daurades, m\u00e9rous jaunes et noirs, bad\u00e8ches sont en voie de disparition, comme les sardinelles, base de l\u2019alimentation quotidienne des S\u00e9n\u00e9galais. <em>\u00ab Il n\u2019y a quasiment plus de poissons \u00e0 cause des chalutiers russes, chinois et europ\u00e9ens au large de nos c\u00f4tes \u00bb<\/em>, d\u00e9plore le jeune homme.<\/p>\n\n\n\n<p><a href=\"https:\/\/ccfd-terresolidaire.org\/senegal-la-reinsertion-locale-pour-lutter-contre-les-drames-en-mer\/\">lire la suite<\/a><\/p>\n","protected":false},"excerpt":{"rendered":"<p>\u00c0 Mbour, grand port de p\u00eache du S\u00e9n\u00e9gal, faute de ressources halieutiques suffisantes, tous les jeunes hommes ont pens\u00e9 \u00e0 migrer en pirogue, direction l\u2019Espagne. Face \u00e0 la multiplication des drames en mer, l\u2019Association nationale des partenaires migrants (ANPM) accompagne les exil\u00e9s rapatri\u00e9s, refoul\u00e9s, ou candidats au d\u00e9part dans des projets de r\u00e9insertion sociale et&#8230;<\/p>\n","protected":false},"author":4,"featured_media":4953,"comment_status":"closed","ping_status":"closed","sticky":false,"template":"","format":"standard","meta":[],"categories":[1],"tags":[],"_links":{"self":[{"href":"https:\/\/reseau.ccfd-terresolidaire.org\/loire-atlantique\/wp-json\/wp\/v2\/posts\/4951"}],"collection":[{"href":"https:\/\/reseau.ccfd-terresolidaire.org\/loire-atlantique\/wp-json\/wp\/v2\/posts"}],"about":[{"href":"https:\/\/reseau.ccfd-terresolidaire.org\/loire-atlantique\/wp-json\/wp\/v2\/types\/post"}],"author":[{"embeddable":true,"href":"https:\/\/reseau.ccfd-terresolidaire.org\/loire-atlantique\/wp-json\/wp\/v2\/users\/4"}],"replies":[{"embeddable":true,"href":"https:\/\/reseau.ccfd-terresolidaire.org\/loire-atlantique\/wp-json\/wp\/v2\/comments?post=4951"}],"version-history":[{"count":1,"href":"https:\/\/reseau.ccfd-terresolidaire.org\/loire-atlantique\/wp-json\/wp\/v2\/posts\/4951\/revisions"}],"predecessor-version":[{"id":4955,"href":"https:\/\/reseau.ccfd-terresolidaire.org\/loire-atlantique\/wp-json\/wp\/v2\/posts\/4951\/revisions\/4955"}],"wp:featuredmedia":[{"embeddable":true,"href":"https:\/\/reseau.ccfd-terresolidaire.org\/loire-atlantique\/wp-json\/wp\/v2\/media\/4953"}],"wp:attachment":[{"href":"https:\/\/reseau.ccfd-terresolidaire.org\/loire-atlantique\/wp-json\/wp\/v2\/media?parent=4951"}],"wp:term":[{"taxonomy":"category","embeddable":true,"href":"https:\/\/reseau.ccfd-terresolidaire.org\/loire-atlantique\/wp-json\/wp\/v2\/categories?post=4951"},{"taxonomy":"post_tag","embeddable":true,"href":"https:\/\/reseau.ccfd-terresolidaire.org\/loire-atlantique\/wp-json\/wp\/v2\/tags?post=4951"}],"curies":[{"name":"wp","href":"https:\/\/api.w.org\/{rel}","templated":true}]}}