{"id":4973,"date":"2023-07-18T17:01:52","date_gmt":"2023-07-18T15:01:52","guid":{"rendered":"https:\/\/reseau.ccfd-terresolidaire.org\/loire-atlantique\/?p=4973"},"modified":"2023-07-18T17:25:46","modified_gmt":"2023-07-18T15:25:46","slug":"tribune-pour-nourrir-les-populations-de-tous-les-pays-et-atteindre-la-souverainete-alimentaire-il-faut-changer-les-regles-du-commerce-international","status":"publish","type":"post","link":"https:\/\/reseau.ccfd-terresolidaire.org\/loire-atlantique\/2023\/07\/18\/tribune-pour-nourrir-les-populations-de-tous-les-pays-et-atteindre-la-souverainete-alimentaire-il-faut-changer-les-regles-du-commerce-international\/","title":{"rendered":"Tribune \u00ab Pour nourrir les populations de tous les pays et atteindre la souverainet\u00e9 alimentaire, il faut changer les r\u00e8gles du commerce international \u00bb"},"content":{"rendered":"\n<p><em>Tribune du \u00ab\u00a0Monde\u00a0\u00bb : <a href=\"https:\/\/www.lemonde.fr\/idees\/article\/2023\/06\/29\/pour-nourrir-les-populations-de-tous-les-pays-et-atteindre-la-souverainete-alimentaire-il-faut-changer-les-regles-du-commerce-international_6179838_3232.html\">https:\/\/www.lemonde.fr\/idees\/article\/2023\/06\/29\/pour-nourrir-les-popula\u2026<\/a><\/em><\/p>\n\n\n\n<p>A quelques heures de la rencontre entre les ministres de l\u2019agriculture europ\u00e9ens et africains, des organisations de la soci\u00e9t\u00e9 civile et une quinzaine d\u2019\u00e9lus soulignent, dans une tribune au \u00ab&nbsp;Monde&nbsp;\u00bb, les cons\u00e9quences pour l\u2019Afrique de la d\u00e9r\u00e9gulation des march\u00e9s agricoles et financiers entre l\u2019Union europ\u00e9enne et l\u2019Union africaine.<\/p>\n\n\n\n<p>Vendredi 30&nbsp;juin, les <a href=\"https:\/\/agriculture.ec.europa.eu\/events\/5th-african-union-au-european-union-eu-agriculture-ministerial-conference-2023-06-30_en\">ministres de l\u2019agriculture europ\u00e9ens et africains se r\u00e9uniront \u00e0 Rome<\/a> pour <em>\u00ab&nbsp;penser le futur de la coop\u00e9ration agricole entre l\u2019Union africaine et l\u2019Union europ\u00e9enne&nbsp;\u00bb<\/em>. Malgr\u00e9 une volont\u00e9 affich\u00e9e de promouvoir des cha\u00eenes de valeur durables, ce sommet risque de passer totalement \u00e0 c\u00f4t\u00e9 de son ambition. Et pour cause, il fait fi des impacts catastrophiques d\u2019un commerce international d\u00e9r\u00e9gul\u00e9 sur le d\u00e9veloppement agricole et la souverainet\u00e9 alimentaire, en particulier pour les pays africains.<\/p>\n\n\n\n<p>A l\u2019\u00e9chelle mondiale, nous produisons suffisamment, et m\u00eame trop, et pourtant <a href=\"https:\/\/www.lemonde.fr\/planete\/article\/2022\/07\/06\/malnutrition-pres-d-une-personne-sur-dix-souffre-de-la-faim-dans-le-monde-un-chiffre-en-forte-hausse-depuis-deux-ans_6133630_3244.html\">nous ne parvenons toujours pas \u00e0 nourrir la plan\u00e8te<\/a>&nbsp;: pour la sixi\u00e8me ann\u00e9e d\u2019affil\u00e9e,<a href=\"https:\/\/www.fao.org\/3\/cc0639en\/cc0639en.pdf\"> <\/a><a href=\"https:\/\/www.fao.org\/3\/cc0639en\/cc0639en.pdf\">la faim <\/a>continue d\u2019augmenter. En effet, en encourageant la sp\u00e9cialisation des territoires plut\u00f4t que leur diversification, et en <a href=\"https:\/\/ccfd-terresolidaire.org\/inflation-quand-les-speculateurs-profitent-de-la-crise-alimentaire\/\">exposant les mati\u00e8res premi\u00e8res agricoles \u00e0 la financiarisation<\/a>, nous laissons le march\u00e9 d\u00e9r\u00e9gul\u00e9 d\u00e9cider \u00e0 la place des populations et nous \u00e9loigner de notre souverainet\u00e9 alimentaire.<\/p>\n\n\n\n<p>Loin de prendre la mesure de ces enjeux, la prochaine conf\u00e9rence entre l\u2019Union africaine (UA) et l\u2019Union europ\u00e9enne (UE) sur l\u2019agriculture risque d\u2019ouvrir un boulevard \u00e0 la lib\u00e9ralisation \u00e0 outrance des \u00e9changes agroalimentaires entre les deux continents.<\/p>\n\n\n\n<p>Parler de r\u00e9gulation ne doit plus \u00eatre un tabou&nbsp;: la souverainet\u00e9 alimentaire doit guider les r\u00e8gles du commerce international. Loin du mythe de la concurrence pure et parfaite, nous oublions trop souvent que le march\u00e9 met en comp\u00e9tition de mani\u00e8re fauss\u00e9e et d\u00e9loyale des agricultures soumises \u00e0 des normes et des contraintes tr\u00e8s h\u00e9t\u00e9rog\u00e8nes, disposant de moyens techniques et financiers tr\u00e8s in\u00e9gaux. Ce faisant, il limite l\u2019essor de syst\u00e8mes agricoles et alimentaires locaux et durables dans les pays du Sud, et pr\u00e9cipite les mod\u00e8les agricoles tourn\u00e9s vers l\u2019export dans une course effr\u00e9n\u00e9e au moins-disant social et environnemental.<\/p>\n\n\n\n<p><strong>Accords in\u00e9quitables<\/strong><\/p>\n\n\n\n<p>Cette course \u00e0 la mati\u00e8re premi\u00e8re la moins ch\u00e8re a<a href=\"https:\/\/ccfd-terresolidaire.org\/wp-content\/uploads\/2021\/12\/pesticides_un_modele_qui_nous_est_cher_fr_concept_note.pdf\"> en r\u00e9alit\u00e9 un co\u00fbt tr\u00e8s important pour la soci\u00e9t\u00e9<\/a>, et loin de r\u00e9soudre le probl\u00e8me de la faim dans le monde, elle l\u2019aggrave en accentuant la pr\u00e9carit\u00e9 et la vuln\u00e9rabilit\u00e9 de la grande majorit\u00e9 des agriculteurs et des agricultrices. Les externalit\u00e9s de ce mod\u00e8le sont largement sous-comptabilis\u00e9es, alors qu\u2019elles menacent la vie m\u00eame des g\u00e9n\u00e9rations africaines pr\u00e9sentes et \u00e0 venir.<\/p>\n\n\n\n<p>Voil\u00e0 pourquoi nous r\u00e9affirmons que pour nourrir les populations de tous les pays de mani\u00e8re saine, \u00e9quitable et durable, et atteindre la souverainet\u00e9 alimentaire \u00e0 tous les niveaux, il faut changer les r\u00e8gles du commerce international.<\/p>\n\n\n\n<p>Nous devons mettre un terme \u00e0 la prolif\u00e9ration des accords in\u00e9quitables, comme les accords de partenariat \u00e9conomique (<a href=\"https:\/\/www.lemonde.fr\/economie\/article\/2007\/11\/05\/questions-reponses-sur-les-accords-ape_974456_3234.html\">APE<\/a>) qui, au nom du libre-\u00e9change, d\u00e9stabilisent profond\u00e9ment les fili\u00e8res locales, privent les Etats de leur souverainet\u00e9 alimentaire et enferment bien souvent les agricultures dans des mod\u00e8les co\u00fbteux, intensifs et polluants, dont les cons\u00e9quences sont d\u00e9sastreuses pour la sant\u00e9 humaine et pour l\u2019environnement \u2013 comme l\u2019illustre<a href=\"https:\/\/lebasic.com\/wp-content\/uploads\/2016\/05\/Etude-Cacao_Synthese.pdf\"> la fili\u00e8re du cacao<\/a>.<\/p>\n\n\n\n<p>Il n\u2019est plus tol\u00e9rable pour l\u2019UE de promouvoir sans complexe un mod\u00e8le tourn\u00e9 vers l\u2019export, dont les productions b\u00e9n\u00e9ficient largement des subventions de la <a href=\"https:\/\/www.lemonde.fr\/idees\/article\/2023\/02\/24\/la-politique-agricole-commune-est-une-aberration-en-regard-de-l-impact-climatique-et-environnemental-de-l-agriculture_6163151_3232.html\">politique agricole commune<\/a> (PAC). Cette politique de soutien aux exportations, qui s\u2019apparentent \u00e0 du dumping alimentaire, exerce une <a href=\"https:\/\/www.sol-asso.fr\/wp-content\/uploads\/2023\/06\/Version-finale-publi.pdf\">pr\u00e9dation inacceptable sur la souverainet\u00e9 alimentaire<\/a> des pays tiers et le d\u00e9veloppement de leurs fili\u00e8res locales. A titre d\u2019exemple, avant l\u2019agression russe de l\u2019Ukraine, la farine de bl\u00e9 fran\u00e7ais se vendait moins cher au S\u00e9n\u00e9gal que <a href=\"https:\/\/www.sol-asso.fr\/senegal-valoriser-les-cereales-locales-phase-3-2022-2025\/\">les farines de mil ou de ma\u00efs produites et transform\u00e9es localement<\/a>.<\/p>\n\n\n\n<p><strong>Sp\u00e9culation inadmissible<\/strong><\/p>\n\n\n\n<p>Enfin, \u00e0 la d\u00e9r\u00e9gulation des \u00e9changes agricoles s\u2019ajoute la d\u00e9r\u00e9gulation des march\u00e9s financiers&nbsp;: il est inadmissible de laisser les acteurs financiers sp\u00e9culer et tirer des profits exceptionnels de la crise alimentaire, <a href=\"https:\/\/www.lemonde.fr\/afrique\/article\/2022\/05\/03\/garantir-la-securite-alimentaire-en-protegeant-le-marche-ouest-africain-face-aux-importations-a-bas-prix_6124630_3212.html\">comme ce fut le cas durant l\u2019\u00e9t\u00e9 2022 sur les cours du bl\u00e9 de la Bourse de Paris<\/a>. Au plus fort de la crise, en juin&nbsp;2022,<a href=\"https:\/\/ccfd-terresolidaire.org\/hausse-des-prix-a-qui-profite-la-faim\/\"> <\/a><a href=\"https:\/\/ccfd-terresolidaire.org\/hausse-des-prix-a-qui-profite-la-faim\/\">80&nbsp;% des achats y \u00e9taient le fait de sp\u00e9culateurs<\/a>, nourrissant une flamb\u00e9e des prix du bl\u00e9 sans pr\u00e9c\u00e9dent partout dans le monde.<\/p>\n\n\n\n<p>La France, moteur dans la lutte contre l\u2019ins\u00e9curit\u00e9 alimentaire mondiale, doit prendre ses responsabilit\u00e9s sur le sujet. Nous demandons \u00e0 la France de d\u00e9fendre une position coh\u00e9rente le 30&nbsp;juin prochain, pour mettre les relations commerciales entre l\u2019UA et l\u2019UE au service de la souverainet\u00e9 alimentaire.<\/p>\n\n\n\n<p>Nous nous faisons l\u2019\u00e9cho de la d\u00e9claration de la soci\u00e9t\u00e9 civile et des organisations de producteurs africaines pour mettre la justice et le droit \u00e0 l\u2019alimentation au c\u0153ur de la coop\u00e9ration entre l\u2019Europe et l\u2019Afrique, et d\u00e9fendre des syst\u00e8mes alimentaires durables.<\/p>\n\n\n\n<p>Le commerce international d\u00e9passant largement les seules relations UA-UE, nous demandons \u00e9galement \u00e0 la France de lancer, sous l\u2019\u00e9gide du Comit\u00e9 de la s\u00e9curit\u00e9 alimentaire mondiale et avec le soutien des instances onusiennes ad\u00e9quates, une initiative internationale visant \u00e0 r\u00e9guler les march\u00e9s et \u00e0 interdire toute sp\u00e9culation financi\u00e8re excessive sur les prix de l\u2019alimentation.<\/p>\n\n\n\n<p><strong>Les signataires&nbsp;: Clotilde Bato <\/strong>est d\u00e9l\u00e9gu\u00e9e g\u00e9n\u00e9rale de SOL-Alternatives agro\u00e9cologiques et solidaires&nbsp;; <strong>Sylvie Bukhari-de Pontual <\/strong>est pr\u00e9sidente du CCFD-Terre solidaire.<\/p>\n","protected":false},"excerpt":{"rendered":"<p>Tribune du \u00ab\u00a0Monde\u00a0\u00bb : https:\/\/www.lemonde.fr\/idees\/article\/2023\/06\/29\/pour-nourrir-les-popula\u2026 A quelques heures de la rencontre entre les ministres de l\u2019agriculture europ\u00e9ens et africains, des organisations de la soci\u00e9t\u00e9 civile et une quinzaine d\u2019\u00e9lus soulignent, dans une tribune au \u00ab&nbsp;Monde&nbsp;\u00bb, les cons\u00e9quences pour l\u2019Afrique de la d\u00e9r\u00e9gulation des march\u00e9s agricoles et financiers entre l\u2019Union europ\u00e9enne et l\u2019Union africaine. Vendredi 30&nbsp;juin,&#8230;<\/p>\n","protected":false},"author":4,"featured_media":4977,"comment_status":"closed","ping_status":"closed","sticky":false,"template":"","format":"standard","meta":[],"categories":[1],"tags":[],"_links":{"self":[{"href":"https:\/\/reseau.ccfd-terresolidaire.org\/loire-atlantique\/wp-json\/wp\/v2\/posts\/4973"}],"collection":[{"href":"https:\/\/reseau.ccfd-terresolidaire.org\/loire-atlantique\/wp-json\/wp\/v2\/posts"}],"about":[{"href":"https:\/\/reseau.ccfd-terresolidaire.org\/loire-atlantique\/wp-json\/wp\/v2\/types\/post"}],"author":[{"embeddable":true,"href":"https:\/\/reseau.ccfd-terresolidaire.org\/loire-atlantique\/wp-json\/wp\/v2\/users\/4"}],"replies":[{"embeddable":true,"href":"https:\/\/reseau.ccfd-terresolidaire.org\/loire-atlantique\/wp-json\/wp\/v2\/comments?post=4973"}],"version-history":[{"count":1,"href":"https:\/\/reseau.ccfd-terresolidaire.org\/loire-atlantique\/wp-json\/wp\/v2\/posts\/4973\/revisions"}],"predecessor-version":[{"id":4975,"href":"https:\/\/reseau.ccfd-terresolidaire.org\/loire-atlantique\/wp-json\/wp\/v2\/posts\/4973\/revisions\/4975"}],"wp:featuredmedia":[{"embeddable":true,"href":"https:\/\/reseau.ccfd-terresolidaire.org\/loire-atlantique\/wp-json\/wp\/v2\/media\/4977"}],"wp:attachment":[{"href":"https:\/\/reseau.ccfd-terresolidaire.org\/loire-atlantique\/wp-json\/wp\/v2\/media?parent=4973"}],"wp:term":[{"taxonomy":"category","embeddable":true,"href":"https:\/\/reseau.ccfd-terresolidaire.org\/loire-atlantique\/wp-json\/wp\/v2\/categories?post=4973"},{"taxonomy":"post_tag","embeddable":true,"href":"https:\/\/reseau.ccfd-terresolidaire.org\/loire-atlantique\/wp-json\/wp\/v2\/tags?post=4973"}],"curies":[{"name":"wp","href":"https:\/\/api.w.org\/{rel}","templated":true}]}}