{"id":5420,"date":"2023-10-31T11:00:08","date_gmt":"2023-10-31T10:00:08","guid":{"rendered":"https:\/\/reseau.ccfd-terresolidaire.org\/loire-atlantique\/?p=5420"},"modified":"2023-10-31T11:00:55","modified_gmt":"2023-10-31T10:00:55","slug":"les-larmes-du-fleuve-tigre-en-irak","status":"publish","type":"post","link":"https:\/\/reseau.ccfd-terresolidaire.org\/loire-atlantique\/2023\/10\/31\/les-larmes-du-fleuve-tigre-en-irak\/","title":{"rendered":"Les larmes du fleuve Tigre en Irak"},"content":{"rendered":"\n<p><strong><span style=\"color:#ff671f\" class=\"has-inline-color\">Une nouvelle exposition vous attend \u00e0 l&rsquo;Espace Solidaire.<\/span><\/strong><\/p>\n\n\n\n<p><strong>14 magnifiques photos de la photographe professionnelle Emilie Garthwaite.<\/strong><\/p>\n\n\n\n<p>Synopsis Corps de l\u2019\u0153uvre : \u00ab Lumi\u00e8re entre les montagnes \u00bb Artiste : Emily Garthwaite Ann\u00e9es\u00a0: 2019 \u00e0 aujourd&rsquo;hui Dans la r\u00e9gion du Kurdistan, au nord de l\u2019Irak, certains pensent vivre au centre du monde. Cette zone, leur Selon la tradition, c&rsquo;est l\u00e0 que l&rsquo;Orient et l&rsquo;Occident ont \u00e9t\u00e9 r\u00e9unis pour la premi\u00e8re fois. Leur cha\u00eene de montagnes surplombe les anciennes La M\u00e9sopotamie, berceau de la civilisation, et ses passages ont \u00e9t\u00e9 pendant des si\u00e8cles un \u00e9l\u00e9ment central des Routes de la Soie. Plus r\u00e9cemment \u00c0 cette \u00e9poque, des g\u00e9n\u00e9rations de conflits se sont succ\u00e9d\u00e9, qui ont fragment\u00e9 la terre et remis en question les modes de vie pastoraux. Aujourd&rsquo;hui, ces brins se rejoignent pour former un sentier de longue distance appel\u00e9 Zagros Mountain Trail. Le sentier forme un Corridor environnemental de 220 km de long depuis la fronti\u00e8re syrienne et turque \u00e0 l\u2019ouest jusqu\u2019\u00e0 la fronti\u00e8re iranienne \u00e0 l\u2019est. Le sentier tente d&rsquo;aider ceux qui y vivent \u00e0 r\u00e9imaginer leur pays d&rsquo;origine comme un lieu de loisirs plut\u00f4t que de refuge ; de s&rsquo;interroger sur la guerre. Il existe \u00e9galement des d\u00e9fis, notamment de vastes zones de munitions non explos\u00e9es, de mines, de drones turcs et Les frappes de missiles iraniens, et surtout la perception n\u00e9gative de l\u2019Irak \u00e0 l\u2019\u00e9tranger. Depuis 2017, j&rsquo;ai parcouru plus de 1 500 km \u00e0 travers l&rsquo;Irak pour documenter les croyances, communaut\u00e9s et traditions survivantes. je J\u2019ai commenc\u00e9 par marcher Arba\u2019een, le plus grand p\u00e8lerinage annuel au monde, \u00e0 travers le sud de l\u2019Irak. Je l&rsquo;ai parcouru trois fois, vivre aux c\u00f4t\u00e9s des p\u00e8lerins chiites. Le journalisme lent et le \u00ab retour \u00bb sont deux sujets auxquels je pense profond\u00e9ment : revenir r\u00e9guli\u00e8rement, patiemment et avec soin sur un site, une communaut\u00e9 ou un flanc de montagne. Dans sa forme la plus pure, il est r\u00e9alis\u00e9 sur \u00e0 pied, \u00e0 3 km\/h, et en vivant sur la terre. En 2019, j&rsquo;ai visit\u00e9 le Kurdistan pour la premi\u00e8re fois. J&rsquo;ai march\u00e9 dans les montagnes pendant cinq jours et le sixi\u00e8me jour, je suis revenu \u00e0 la ville d&rsquo;Erbil. Le lendemain, j&rsquo;ai lou\u00e9 un appartement et j&rsquo;ai demand\u00e9 la r\u00e9sidence en Irak. Plus tard, je me suis engag\u00e9 \u00e0 vivre \u00e0 Akr\u00ea, une ville de montagne kurde, o\u00f9 j&rsquo;ai \u00e9t\u00e9 t\u00e9moin des quatre saisons, des cycles de vie de la terre et o\u00f9 j&rsquo;ai not\u00e9 les histoires de ceux qui t\u00e9moignent de sa brutalit\u00e9 et de sa beaut\u00e9. J&rsquo;habite toujours \u00e0 Akr\u00ea. Cet ensemble de travaux constitue un \u00e9l\u00e9ment de une histoire oubli\u00e9e, englobant la myriade de confessions, d&rsquo;identit\u00e9s ethniques et de pass\u00e9 ancien. C&rsquo;est une lettre d&rsquo;amour \u00e0 ma maison. Light Between Mountains est un riche aper\u00e7u des modes de vie pastoraux en d\u00e9clin et des contes folkloriques qui survivent malgr\u00e9 conflit. Ici, nous voyons \u00ab l\u2019autre Irak \u00bb \u00e0 travers les bergers et les cueilleurs, les agriculteurs et les apiculteurs, les gu\u00e9rilleros, les d\u00e9mineurs. et les p\u00e8lerins. Je voyage \u00e0 pied jusqu&rsquo;aux marges de la vie, \u00e0 travers des sites de m\u00e9moire et de traumatisme et dans des zones de fragilit\u00e9 environnementale en qu\u00eate d\u2019espoir et de renouveau. J&rsquo;ai d\u00e9velopp\u00e9 une connaissance approfondie de la r\u00e9gion, entretenant des relations de longue date et des acc\u00e8s \u00e0 certains des villages les plus isol\u00e9s et conservateurs. Ces communaut\u00e9s comprennent les objectifs durables de mon travail et la nature collaborative continue que j&rsquo;ai encourag\u00e9e. Nous marchons au-del\u00e0 du sentier, en empruntant des pistes militaires et l\u2019ancienne route de Saddam, sur des chemins de troupeaux, avec des d\u00e9mineurs et des groupes militants, et parfois avec des braconniers et trafiquants d&rsquo;\u00eatres humains, pour dresser un tableau plus complet et plus riche de cette r\u00e9gion extr\u00eamement complexe. Cette approche holistique de mon travail est devenue cruciale pour la narration, et la collaboration reste au c\u0153ur de Light. Entre les montagnes. \u00c0 l\u2019avenir, je m\u2019int\u00e9resserai aux changements croissants apport\u00e9s au territoire, aliment\u00e9s par L\u2019augmentation des s\u00e9cheresses, la hausse des temp\u00e9ratures et les temp\u00eates de poussi\u00e8re contribuent toutes au changement climatique. je marcherai avec Unit\u00e9s de protection de l&rsquo;environnement \u00e0 Barzan et Choman qui d\u00e9fendent les terres entourant le sentier contre les braconniers et b\u00fbcherons, pour mieux comprendre les menaces environnementales de longue date. Je consacrerai plus de temps \u00e0 vivre et \u00e0 marcher avec les gardiens de la terre et du folklore pastoral et religieux qui entretient ce paysage en marchant avec les Y\u00e9zidis, Chr\u00e9tiens, musulmans, zoroastriens et soufis sur leurs chemins de p\u00e8lerinage. C&rsquo;est notre histoire collective. L&rsquo;Irak a \u00e9t\u00e9 document\u00e9 \u00e0 travers la guerre &#8211; mais ce sont les histoires qui restent apr\u00e8s cela qui sont les le plus important, car c\u2019est seulement alors que vous pourrez voir ce qui a surv\u00e9cu.<\/p>\n","protected":false},"excerpt":{"rendered":"<p>Une nouvelle exposition vous attend \u00e0 l&rsquo;Espace Solidaire. 14 magnifiques photos de la photographe professionnelle Emilie Garthwaite. Synopsis Corps de l\u2019\u0153uvre : \u00ab Lumi\u00e8re entre les montagnes \u00bb Artiste : Emily Garthwaite Ann\u00e9es\u00a0: 2019 \u00e0 aujourd&rsquo;hui Dans la r\u00e9gion du Kurdistan, au nord de l\u2019Irak, certains pensent vivre au centre du monde. Cette zone, leur&#8230;<\/p>\n","protected":false},"author":4,"featured_media":5426,"comment_status":"closed","ping_status":"closed","sticky":false,"template":"","format":"standard","meta":[],"categories":[2],"tags":[],"_links":{"self":[{"href":"https:\/\/reseau.ccfd-terresolidaire.org\/loire-atlantique\/wp-json\/wp\/v2\/posts\/5420"}],"collection":[{"href":"https:\/\/reseau.ccfd-terresolidaire.org\/loire-atlantique\/wp-json\/wp\/v2\/posts"}],"about":[{"href":"https:\/\/reseau.ccfd-terresolidaire.org\/loire-atlantique\/wp-json\/wp\/v2\/types\/post"}],"author":[{"embeddable":true,"href":"https:\/\/reseau.ccfd-terresolidaire.org\/loire-atlantique\/wp-json\/wp\/v2\/users\/4"}],"replies":[{"embeddable":true,"href":"https:\/\/reseau.ccfd-terresolidaire.org\/loire-atlantique\/wp-json\/wp\/v2\/comments?post=5420"}],"version-history":[{"count":1,"href":"https:\/\/reseau.ccfd-terresolidaire.org\/loire-atlantique\/wp-json\/wp\/v2\/posts\/5420\/revisions"}],"predecessor-version":[{"id":5424,"href":"https:\/\/reseau.ccfd-terresolidaire.org\/loire-atlantique\/wp-json\/wp\/v2\/posts\/5420\/revisions\/5424"}],"wp:featuredmedia":[{"embeddable":true,"href":"https:\/\/reseau.ccfd-terresolidaire.org\/loire-atlantique\/wp-json\/wp\/v2\/media\/5426"}],"wp:attachment":[{"href":"https:\/\/reseau.ccfd-terresolidaire.org\/loire-atlantique\/wp-json\/wp\/v2\/media?parent=5420"}],"wp:term":[{"taxonomy":"category","embeddable":true,"href":"https:\/\/reseau.ccfd-terresolidaire.org\/loire-atlantique\/wp-json\/wp\/v2\/categories?post=5420"},{"taxonomy":"post_tag","embeddable":true,"href":"https:\/\/reseau.ccfd-terresolidaire.org\/loire-atlantique\/wp-json\/wp\/v2\/tags?post=5420"}],"curies":[{"name":"wp","href":"https:\/\/api.w.org\/{rel}","templated":true}]}}