{"id":5722,"date":"2024-01-12T16:10:23","date_gmt":"2024-01-12T15:10:23","guid":{"rendered":"https:\/\/reseau.ccfd-terresolidaire.org\/loire-atlantique\/?p=5722"},"modified":"2024-02-04T10:06:18","modified_gmt":"2024-02-04T09:06:18","slug":"les-laureats-du-prix-photo-terre-solidaire-sexposent-a-cosmopolis","status":"publish","type":"post","link":"https:\/\/reseau.ccfd-terresolidaire.org\/loire-atlantique\/2024\/01\/12\/les-laureats-du-prix-photo-terre-solidaire-sexposent-a-cosmopolis\/","title":{"rendered":"Les laur\u00e9ats du prix photo Terre Solidaire s\u2019exposent \u00e0 COSMOPOLIS"},"content":{"rendered":"\n<h3>Photographies d\u2019Anush Babajanyan et Emily Garthwaite, laur\u00e9ates du Prix photo Terre Solidaire<\/h3>\n\n\n\n<p style=\"font-size:22px\"><strong>Un \u00e9v\u00e8nement exceptionnel et uniquement \u00e0 Nantes, seul lieu en France o\u00f9 seront expos\u00e9es ces magnifiques photos grand format.<\/strong><\/p>\n\n\n\n<p style=\"font-size:18px\"><strong><span style=\"color:#ff671f\" class=\"has-inline-color\">A l\u2019espace Cosmopolis, 18 rue Scribe Nantes du 25 janvier au 10 mars 2024<\/span><\/strong> (ouvert du lundi au vendredi de 13h30 \u00e0 18h et le week-end de 14h \u00e0 18h)<br><strong><span style=\"color:#ff671f\" class=\"has-inline-color\">Vernissage le 25 janvier \u00e0 18h30<\/span><\/strong><br><strong>Plus de 60 photos grand format<\/strong> de 2 laur\u00e9ats du prix photo Terre Solidaire Humaniste et Environnementale.<br><strong><u>Programme &nbsp;:<\/u><\/strong><br><strong><span style=\"color:#ff671f\" class=\"has-inline-color\">Tous les mardis \u2013 14H30<\/span><\/strong> &#8211; hors vacances scolaires \u2013 lecture d\u2019image par des photographes professionnels pour les scolaires.<\/p>\n\n\n\n<p style=\"font-size:18px\"><span style=\"color:#ff671f\" class=\"has-inline-color\"><strong>Tous les jeudis &#8211; Conf\u00e9rences&nbsp;: 19h &#8211; Visite en amont&nbsp;: 18h<\/strong><br><strong><u>Cycle de Conf\u00e9rences&nbsp;\u00ab&nbsp;Au fil de l\u2019eau&nbsp;\u00bb:<\/u><\/strong><\/span><br>La rencontre de deux univers photographiques, de deux pays, de l\u2019Inde et l\u2019Irak, de ses populations et de leurs rapports \u00e0 la rivi\u00e8re Kosi et le fleuve tigre\u2026 une fa\u00e7on de s\u2019interroger, aussi ici, sur nos liens \u00e0 l\u2019eau et \u00e0 sa gestion.<\/p>\n\n\n\n<p><strong>Jeudi 1<sup>er<\/sup> f\u00e9vrier 19h : Inde&nbsp;: Les oubli\u00e9s de la rivi\u00e8re Kosi de Anush Babajanyan, <\/strong><br>en pr\u00e9sence de <strong><span style=\"color:#2e4486\" class=\"has-inline-color\">Laura Begu, charg\u00e9e de mission CCFD-Terre Solidaire Asie du Sud <\/span>et d\u2019<span style=\"color:#2e4486\" class=\"has-inline-color\">Anne-Isabelle Barthelemy, journaliste et charg\u00e9e \u00e9ditoriale web au CCFD-Terre Solidaire.<\/span><\/strong><\/p>\n\n\n\n<p><strong>Jeudi 8 f\u00e9vrier &nbsp;19h : Quand l\u2019eau se fait fleuve<\/strong><br>avec <span style=\"color:#2e4486\" class=\"has-inline-color\"><strong>Patrick Frenel<\/strong><\/span>, expert international de l\u2019eau, administrateur de la Maison des Citoyens du Monde<\/p>\n\n\n\n<p><strong>Jeudi 15 f\u00e9vrier 19h : Irak&nbsp;: Les larmes du fleuve Tigre<\/strong><br>en pr\u00e9sence de la laur\u00e9ate du prix photo Terre Solidaire <strong><span style=\"color:#2e4486\" class=\"has-inline-color\">Emily Garthwaite <\/span>et <span style=\"color:#2e4486\" class=\"has-inline-color\">Arnaud Grout de Beaufort, charg\u00e9 de mission Irak au CCFD-Terre Solidaire.<\/span><\/strong><\/p>\n\n\n\n<p><strong>Jeudi 29 f\u00e9vrier&nbsp;: 19h &nbsp;: L\u2019eau, un bien commun \u00e0 g\u00e9rer <\/strong><br>avec <span style=\"color:#2e4486\" class=\"has-inline-color\"><strong>Jean-S\u00e9bastien Guitton,<\/strong><\/span> Vice-pr\u00e9sident de Nantes M\u00e9tropole, d\u00e9l\u00e9gu\u00e9 Cycle de l\u2019eau et biodiversit\u00e9<\/p>\n\n\n\n<p><strong>Jeudi 7 mars&nbsp;19h : \u00catre solidaire, une posture citoyenne<\/strong><br>avec <span style=\"color:#2e4486\" class=\"has-inline-color\"><strong>Bernard Pinaud<\/strong>,<\/span> b\u00e9n\u00e9vole et ancien d\u00e9l\u00e9gu\u00e9 g\u00e9n\u00e9ral du CCFD-Terre Solidaire<\/p>\n\n\n\n<p>Conf\u00e9rence suivie d\u2019un <strong>concert de Jordi Prats (sarod) et Alexis Weisgerber (tabla) <\/strong>\u2013 Musique traditionnelle d\u2019Inde du Nord.<\/p>\n\n\n\n<p>Contact&nbsp;: Claude Besson \u2013 06 82 06 70 46 \u2013 bessoncl@numericable.fr<\/p>\n\n\n\n<p><a href=\"https:\/\/reseau.ccfd-terresolidaire.org\/loire-atlantique\/wp-content\/uploads\/sites\/2\/2024\/02\/FlyerprogrammeRVA5comp.pdf\">T\u00e9l\u00e9charger le programme<\/a><\/p>\n","protected":false},"excerpt":{"rendered":"<p>Photographies d\u2019Anush Babajanyan et Emily Garthwaite, laur\u00e9ates du Prix photo Terre Solidaire Un \u00e9v\u00e8nement exceptionnel et uniquement \u00e0 Nantes, seul lieu en France o\u00f9 seront expos\u00e9es ces magnifiques photos grand format. A l\u2019espace Cosmopolis, 18 rue Scribe Nantes du 25 janvier au 10 mars 2024 (ouvert du lundi au vendredi de 13h30 \u00e0 18h et&#8230;<\/p>\n","protected":false},"author":4,"featured_media":5724,"comment_status":"closed","ping_status":"closed","sticky":false,"template":"","format":"standard","meta":[],"categories":[1],"tags":[],"_links":{"self":[{"href":"https:\/\/reseau.ccfd-terresolidaire.org\/loire-atlantique\/wp-json\/wp\/v2\/posts\/5722"}],"collection":[{"href":"https:\/\/reseau.ccfd-terresolidaire.org\/loire-atlantique\/wp-json\/wp\/v2\/posts"}],"about":[{"href":"https:\/\/reseau.ccfd-terresolidaire.org\/loire-atlantique\/wp-json\/wp\/v2\/types\/post"}],"author":[{"embeddable":true,"href":"https:\/\/reseau.ccfd-terresolidaire.org\/loire-atlantique\/wp-json\/wp\/v2\/users\/4"}],"replies":[{"embeddable":true,"href":"https:\/\/reseau.ccfd-terresolidaire.org\/loire-atlantique\/wp-json\/wp\/v2\/comments?post=5722"}],"version-history":[{"count":7,"href":"https:\/\/reseau.ccfd-terresolidaire.org\/loire-atlantique\/wp-json\/wp\/v2\/posts\/5722\/revisions"}],"predecessor-version":[{"id":5803,"href":"https:\/\/reseau.ccfd-terresolidaire.org\/loire-atlantique\/wp-json\/wp\/v2\/posts\/5722\/revisions\/5803"}],"wp:featuredmedia":[{"embeddable":true,"href":"https:\/\/reseau.ccfd-terresolidaire.org\/loire-atlantique\/wp-json\/wp\/v2\/media\/5724"}],"wp:attachment":[{"href":"https:\/\/reseau.ccfd-terresolidaire.org\/loire-atlantique\/wp-json\/wp\/v2\/media?parent=5722"}],"wp:term":[{"taxonomy":"category","embeddable":true,"href":"https:\/\/reseau.ccfd-terresolidaire.org\/loire-atlantique\/wp-json\/wp\/v2\/categories?post=5722"},{"taxonomy":"post_tag","embeddable":true,"href":"https:\/\/reseau.ccfd-terresolidaire.org\/loire-atlantique\/wp-json\/wp\/v2\/tags?post=5722"}],"curies":[{"name":"wp","href":"https:\/\/api.w.org\/{rel}","templated":true}]}}