{"id":5769,"date":"2024-01-19T05:34:34","date_gmt":"2024-01-19T04:34:34","guid":{"rendered":"https:\/\/reseau.ccfd-terresolidaire.org\/loire-atlantique\/?p=5769"},"modified":"2024-01-19T05:34:35","modified_gmt":"2024-01-19T04:34:35","slug":"jeanne-nouvelle-service-civique-a-lespace-solidaire","status":"publish","type":"post","link":"https:\/\/reseau.ccfd-terresolidaire.org\/loire-atlantique\/2024\/01\/19\/jeanne-nouvelle-service-civique-a-lespace-solidaire\/","title":{"rendered":"Jeanne, nouvelle service civique \u00e0 l\u2019Espace Solidaire"},"content":{"rendered":"\n<p>Bonjour \u00e0 toutes et \u00e0 tous,<\/p>\n\n\n\n<p>Je suis Jeanne Gr\u00e9au, j\u2019ai 22 ans. Titulaire d\u2019un bac+3 en G\u00e9ographie et Am\u00e9nagement du Territoire \u00e0 l\u2019universit\u00e9 de Nantes, j\u2019ai toujours eu une curiosit\u00e9 pour le monde et les soci\u00e9t\u00e9s qui nous entourent. J\u2019ai d\u00e9cid\u00e9 de m\u2019engager en tant que service civique au CCFD-Terre Solidaire afin de d\u00e9couvrir l\u2019association et les enjeux d\u2019une solidarit\u00e9 internationale. \u00c9tant attir\u00e9 par le relationnel, pouvoir animer et sensibiliser le grand public \u00e0 l\u2019Espace Solidaire de Nantes me ravit.<\/p>\n\n\n\n<p>D\u00e9j\u00e0, quelques missions concr\u00e8tes sont en chemin :<br>pr\u00e9sence de temps \u00e0 autre \u00e0 l&rsquo;espace cosmopolis pour l&rsquo;exposition des laur\u00e9ates du Prix photo Terre Solidaire, r\u00e9alisation d&rsquo;un flyer pour l&rsquo;espace solidaire, participation \u00e0 une journ\u00e9e ECSI pour des scolaires&#8230;<\/p>\n\n\n\n<p>Au plaisir de pouvoir \u00e9changer et travailler avec vous sur divers projets.<\/p>\n\n\n\n<p>Jeanne<\/p>\n","protected":false},"excerpt":{"rendered":"<p>Bonjour \u00e0 toutes et \u00e0 tous, Je suis Jeanne Gr\u00e9au, j\u2019ai 22 ans. Titulaire d\u2019un bac+3 en G\u00e9ographie et Am\u00e9nagement du Territoire \u00e0 l\u2019universit\u00e9 de Nantes, j\u2019ai toujours eu une curiosit\u00e9 pour le monde et les soci\u00e9t\u00e9s qui nous entourent. J\u2019ai d\u00e9cid\u00e9 de m\u2019engager en tant que service civique au CCFD-Terre Solidaire afin de d\u00e9couvrir&#8230;<\/p>\n","protected":false},"author":4,"featured_media":5765,"comment_status":"closed","ping_status":"closed","sticky":false,"template":"","format":"standard","meta":[],"categories":[2],"tags":[],"_links":{"self":[{"href":"https:\/\/reseau.ccfd-terresolidaire.org\/loire-atlantique\/wp-json\/wp\/v2\/posts\/5769"}],"collection":[{"href":"https:\/\/reseau.ccfd-terresolidaire.org\/loire-atlantique\/wp-json\/wp\/v2\/posts"}],"about":[{"href":"https:\/\/reseau.ccfd-terresolidaire.org\/loire-atlantique\/wp-json\/wp\/v2\/types\/post"}],"author":[{"embeddable":true,"href":"https:\/\/reseau.ccfd-terresolidaire.org\/loire-atlantique\/wp-json\/wp\/v2\/users\/4"}],"replies":[{"embeddable":true,"href":"https:\/\/reseau.ccfd-terresolidaire.org\/loire-atlantique\/wp-json\/wp\/v2\/comments?post=5769"}],"version-history":[{"count":1,"href":"https:\/\/reseau.ccfd-terresolidaire.org\/loire-atlantique\/wp-json\/wp\/v2\/posts\/5769\/revisions"}],"predecessor-version":[{"id":5771,"href":"https:\/\/reseau.ccfd-terresolidaire.org\/loire-atlantique\/wp-json\/wp\/v2\/posts\/5769\/revisions\/5771"}],"wp:featuredmedia":[{"embeddable":true,"href":"https:\/\/reseau.ccfd-terresolidaire.org\/loire-atlantique\/wp-json\/wp\/v2\/media\/5765"}],"wp:attachment":[{"href":"https:\/\/reseau.ccfd-terresolidaire.org\/loire-atlantique\/wp-json\/wp\/v2\/media?parent=5769"}],"wp:term":[{"taxonomy":"category","embeddable":true,"href":"https:\/\/reseau.ccfd-terresolidaire.org\/loire-atlantique\/wp-json\/wp\/v2\/categories?post=5769"},{"taxonomy":"post_tag","embeddable":true,"href":"https:\/\/reseau.ccfd-terresolidaire.org\/loire-atlantique\/wp-json\/wp\/v2\/tags?post=5769"}],"curies":[{"name":"wp","href":"https:\/\/api.w.org\/{rel}","templated":true}]}}