{"id":6951,"date":"2024-08-26T12:05:06","date_gmt":"2024-08-26T10:05:06","guid":{"rendered":"https:\/\/reseau.ccfd-terresolidaire.org\/loire-atlantique\/?p=6951"},"modified":"2024-08-26T12:05:08","modified_gmt":"2024-08-26T10:05:08","slug":"110e-journee-mondiale-du-migrant-et-du-refugie","status":"publish","type":"post","link":"https:\/\/reseau.ccfd-terresolidaire.org\/loire-atlantique\/2024\/08\/26\/110e-journee-mondiale-du-migrant-et-du-refugie\/","title":{"rendered":"110e Journ\u00e9e Mondiale du Migrant et du R\u00e9fugi\u00e9"},"content":{"rendered":"\n<p>Elle aura lieu le <strong><span style=\"color:#ff671f\" class=\"has-inline-color\">dimanche 29 septembre 2024<\/span><\/strong>. Le th\u00e8me du message du pape Fran\u00e7ois pour la Journ\u00e9e Mondiale du Migrant et du R\u00e9fugi\u00e9 2024 est\u00a0: \u00ab\u00a0Dieu marche avec Son peuple\u00a0\u00bb.<\/p>\n\n\n\n<p>Le message du Saint-P\u00e8re met l\u2019accent sur la dimension itin\u00e9rante de l\u2019\u00c9glise, avec une attention particuli\u00e8re pour les fr\u00e8res et s\u0153urs migrants, qui sont une ic\u00f4ne contemporaine de l\u2019\u00c9glise en marche.<br>La suggestion du Pape Fran\u00e7ois consiste en un parcours \u00e0 faire ensemble, synodalement, en surmontant tous les obstacles et toutes les menaces, pour atteindre la vraie patrie. Au cours de ce voyage, o\u00f9 que l\u2019on se trouve, il est essentiel de reconna\u00eetre la pr\u00e9sence de Dieu qui marche avec son peuple, lui assurant orientation et protection \u00e0 chaque \u00e9tape. <strong>Le point de d\u00e9part est donc de reconna\u00eetre le Seigneur pr\u00e9sent au milieu de son peuple, l\u2019Emmanuel qui, en chaque migrant, frappe \u00e0 la porte de notre c\u0153ur et s\u2019offre \u00e0 la rencontre.<\/strong><br><a href=\"https:\/\/reseau.ccfd-terresolidaire.org\/loire-atlantique\/wp-content\/uploads\/sites\/2\/2024\/08\/JMMR-lettre-du-pape-francois-20240524-world-migrants-day-2024.pdf\" target=\"_blank\" rel=\"noreferrer noopener\">lire la lettre du pape Fran\u00e7ois<\/a><\/p>\n\n\n\n<p><strong><span style=\"color:#ff671f\" class=\"has-inline-color\">Une soir\u00e9e sur le dioc\u00e8se \u00e0 Nantes autour du film \u2018\u2019 Le Chant des vivants <\/span><\/strong>\u2018\u2019 avec la pr\u00e9sence d\u2019un membre de l\u2019\u00e9quipe de LIMBO au Cin\u00e9ma le Lutetia St Herblain avec d\u00e9bat \u00e0 la suite du film le <strong><span style=\"color:#ff671f\" class=\"has-inline-color\">mercredi 25 septembre 2024 \u00e0 20h30.<\/span><\/strong><br><a rel=\"noreferrer noopener\" href=\"https:\/\/reseau.ccfd-terresolidaire.org\/loire-atlantique\/wp-content\/uploads\/sites\/2\/2024\/08\/affiche_JMMR-2024.pdf\" target=\"_blank\">Voir l&rsquo;affiche<\/a><br><a href=\"https:\/\/www.allocine.fr\/film\/fichefilm_gen_cfilm=299702.html\">Le Chant des vivants &#8211; Film documentaire 2022 &#8211; AlloCin\u00e9 (allocine.fr)<\/a><br><a href=\"https:\/\/limbo-asso.com\/\">LIMBO \u2013 R\u00c9PARER LES SURVIVANTS (limbo-asso.com)<\/a><\/p>\n\n\n\n<p>Vous pouvez <strong><span style=\"color:#ff671f\" class=\"has-inline-color\">prendre contact avec les paroisses<\/span><\/strong> d\u00e8s maintenant et particuli\u00e8rement avec les \u00e9quipes liturgiques. Une proposition sera faite par le service national de la <a href=\"https:\/\/missionetmigrations.catholique.fr\/animer\/journee-mondiale-du-migrant-et-du-refugie\/310581-journee-mondiale-du-migrant-et-du-refugie-2024\/\" target=\"_blank\" rel=\"noreferrer noopener\">pastorale Migration et Mission.<\/a><\/p>\n","protected":false},"excerpt":{"rendered":"<p>Elle aura lieu le dimanche 29 septembre 2024. Le th\u00e8me du message du pape Fran\u00e7ois pour la Journ\u00e9e Mondiale du Migrant et du R\u00e9fugi\u00e9 2024 est\u00a0: \u00ab\u00a0Dieu marche avec Son peuple\u00a0\u00bb. Le message du Saint-P\u00e8re met l\u2019accent sur la dimension itin\u00e9rante de l\u2019\u00c9glise, avec une attention particuli\u00e8re pour les fr\u00e8res et s\u0153urs migrants, qui sont&#8230;<\/p>\n","protected":false},"author":4,"featured_media":6959,"comment_status":"closed","ping_status":"closed","sticky":false,"template":"","format":"standard","meta":[],"categories":[14],"tags":[],"_links":{"self":[{"href":"https:\/\/reseau.ccfd-terresolidaire.org\/loire-atlantique\/wp-json\/wp\/v2\/posts\/6951"}],"collection":[{"href":"https:\/\/reseau.ccfd-terresolidaire.org\/loire-atlantique\/wp-json\/wp\/v2\/posts"}],"about":[{"href":"https:\/\/reseau.ccfd-terresolidaire.org\/loire-atlantique\/wp-json\/wp\/v2\/types\/post"}],"author":[{"embeddable":true,"href":"https:\/\/reseau.ccfd-terresolidaire.org\/loire-atlantique\/wp-json\/wp\/v2\/users\/4"}],"replies":[{"embeddable":true,"href":"https:\/\/reseau.ccfd-terresolidaire.org\/loire-atlantique\/wp-json\/wp\/v2\/comments?post=6951"}],"version-history":[{"count":1,"href":"https:\/\/reseau.ccfd-terresolidaire.org\/loire-atlantique\/wp-json\/wp\/v2\/posts\/6951\/revisions"}],"predecessor-version":[{"id":6957,"href":"https:\/\/reseau.ccfd-terresolidaire.org\/loire-atlantique\/wp-json\/wp\/v2\/posts\/6951\/revisions\/6957"}],"wp:featuredmedia":[{"embeddable":true,"href":"https:\/\/reseau.ccfd-terresolidaire.org\/loire-atlantique\/wp-json\/wp\/v2\/media\/6959"}],"wp:attachment":[{"href":"https:\/\/reseau.ccfd-terresolidaire.org\/loire-atlantique\/wp-json\/wp\/v2\/media?parent=6951"}],"wp:term":[{"taxonomy":"category","embeddable":true,"href":"https:\/\/reseau.ccfd-terresolidaire.org\/loire-atlantique\/wp-json\/wp\/v2\/categories?post=6951"},{"taxonomy":"post_tag","embeddable":true,"href":"https:\/\/reseau.ccfd-terresolidaire.org\/loire-atlantique\/wp-json\/wp\/v2\/tags?post=6951"}],"curies":[{"name":"wp","href":"https:\/\/api.w.org\/{rel}","templated":true}]}}