{"id":7378,"date":"2024-10-01T18:23:57","date_gmt":"2024-10-01T16:23:57","guid":{"rendered":"https:\/\/reseau.ccfd-terresolidaire.org\/loire-atlantique\/?p=7378"},"modified":"2024-10-01T18:23:59","modified_gmt":"2024-10-01T16:23:59","slug":"nadia-minga-portrait-dune-passionnee-danimation-et-de-communication","status":"publish","type":"post","link":"https:\/\/reseau.ccfd-terresolidaire.org\/loire-atlantique\/2024\/10\/01\/nadia-minga-portrait-dune-passionnee-danimation-et-de-communication\/","title":{"rendered":"Nadia Minga, Portrait d&rsquo;une Passionn\u00e9e d&rsquo;Animation et de Communication"},"content":{"rendered":"\n<p>\u00c0 29 ans, je me trouve \u00e0 un carrefour passionnant de ma vie professionnelle et personnelle, o\u00f9 l&rsquo;animation et la communication sont mes v\u00e9ritables sources d&rsquo;inspirations. De nationalit\u00e9 tchadienne, n\u00e9e \u00e0 N&rsquo;Djamena et originaire du sud du Tchad, plus pr\u00e9cis\u00e9ment de Moundou dans le Logone Occidental, je crois fermement en l&rsquo;importance des \u00e9changes d&rsquo;id\u00e9es et d&rsquo;exp\u00e9riences. Chaque interaction est une occasion d&rsquo;apprendre et de grandir, tant sur le plan que personnel que professionnel.<\/p>\n\n\n\n<p class=\"has-text-align-center\"><img loading=\"lazy\" width=\"810\" height=\"1080\" class=\"wp-image-7382\" style=\"width: 150px\" src=\"https:\/\/reseau.ccfd-terresolidaire.org\/loire-atlantique\/wp-content\/uploads\/sites\/2\/2024\/10\/nadia.jpg\" alt=\"\" srcset=\"https:\/\/reseau.ccfd-terresolidaire.org\/loire-atlantique\/wp-content\/uploads\/sites\/2\/2024\/10\/nadia.jpg 810w, https:\/\/reseau.ccfd-terresolidaire.org\/loire-atlantique\/wp-content\/uploads\/sites\/2\/2024\/10\/nadia-225x300.jpg 225w, https:\/\/reseau.ccfd-terresolidaire.org\/loire-atlantique\/wp-content\/uploads\/sites\/2\/2024\/10\/nadia-768x1024.jpg 768w\" sizes=\"(max-width: 810px) 100vw, 810px\" \/><\/p>\n\n\n\n<p><strong><u><span style=\"color:#ff671f\" class=\"has-inline-color\">Mon Parcours au Tchad<\/span><\/u><\/strong><br>Mon parcours professionnel a d\u00e9but\u00e9 dans le secteur commercial, en tant qu&rsquo;agent commercial chez Sol Tchad, o\u00f9 je me sp\u00e9cialise dans la promotion de kits solaires d&rsquo;ENGIE. Depuis f\u00e9vrier 2023, j&rsquo;ai eu l&rsquo;opportunit\u00e9 de d\u00e9velopper mes comp\u00e9tences en prospection, n\u00e9gociation et pr\u00e9sentation des produits. Cet emploi m&rsquo;a permis de d\u00e9couvrir les enjeux de l&rsquo;\u00e9nergie durable et de sensibiliser les clients \u00e0 ses avantages.<br>Mon engagement ne s&rsquo;arr\u00eate pas l\u00e0. Passionn\u00e9e par la solidarit\u00e9 internationale, j&rsquo;ai \u00e9galement investi du temps en tant que volontaire. Au sein de Touma\u00ef TV, j&rsquo;ai eu le plaisir de pr\u00e9senter l&rsquo;\u00e9mission \u00ab\u00a0Entre Elles\u00a0\u00bb, d\u00e9di\u00e9e \u00e0 la sant\u00e9 et au bien-\u00eatre. Cette exp\u00e9rience m&rsquo;a permis de choisir des sujets pertinents, d&rsquo;interviewer des intervenants inspirants et de toucher un large public.<br>De plus, mon r\u00f4le au sein de l&rsquo;ONG Espace Vert du Sahel m&rsquo;a permis d&rsquo;animer des formations sur la protection de l&rsquo;environnement. En tant qu&rsquo;animatrice charg\u00e9e du projet des Jeunes, j&rsquo;ai sensibilis\u00e9 les adolescents aux enjeux environnementaux, tout en organisant des activit\u00e9s \u00e9ducatives et ludiques. J&rsquo;ai \u00e9galement collabor\u00e9 avec le Programme National du Volontariat au Tchad pour encourager l&rsquo;inscription des jeunes au parcours citoyen et animer des s\u00e9ances d&rsquo;\u00e9ducation civique.<\/p>\n\n\n\n<p><strong><u><span style=\"color:#ff671f\" class=\"has-inline-color\">Ma Mission Actuelle au CCFD- Terre Solidaire<\/span><\/u><\/strong><br>Actuellement, je suis en mission en tant que Volontaire de Solidarit\u00e9 Internationale en r\u00e9ciprocit\u00e9 au CCFD-Terre Solidaire de Nantes, o\u00f9 je passe quatre jours \u00e0 l&rsquo;Espace Solidaire. Sous la responsabilit\u00e9 du charg\u00e9 de d\u00e9veloppement associatif pour la r\u00e9gion Pays de Loire et accompagnant l&rsquo;\u00e9quipe de l&rsquo;Espace Solidaire, Isabelle Robert (\u00e0 droite sur la photo), je participe \u00e0 l&rsquo;animation de sensibilisation \u00e0 la citoyennet\u00e9 et \u00e0 la solidarit\u00e9 internationale dans un lieu d&rsquo;accueil grand public en centre-ville. Mes activit\u00e9s incluent l&rsquo;animation de fresques, d&rsquo;escape Games, et l&rsquo;organisation d&rsquo;\u00e9v\u00e9nements tels que des cin\u00e9-d\u00e9bats et des conf\u00e9rences.<\/p>\n\n\n\n<p>Je consacre \u00e9galement un jour \u00e0 des dynamiques r\u00e9gionales au bureau de la maison dioc\u00e9saine de Nantes, o\u00f9 je participe \u00e0 des r\u00e9unions avec des b\u00e9n\u00e9voles pour cr\u00e9er des outils d&rsquo;\u00e9ducation \u00e0 la citoyennet\u00e9 et \u00e0 la solidarit\u00e9 internationale (ECSI), coanime des temps de formation et Co-\u00e9labore des outils de communication. Ces missions sont \u00e9volutives, permettant de s&rsquo;adapter aux besoins et aux comp\u00e9tences de chacun.<\/p>\n\n\n\n<p><strong><u><span style=\"color:#ff671f\" class=\"has-inline-color\">Des Valeurs au C\u0153ur de Mon Engagement<\/span><\/u><\/strong><br>Le volontariat et la sensibilisation \u00e0 la protection de l&rsquo;environnement sont des valeurs qui me tiennent \u00e0 c\u0153ur. Je crois en la n\u00e9cessit\u00e9 d&rsquo;\u00e9veiller l&rsquo;esprit civique et citoyen de notre communaut\u00e9. Mon dynamisme, ma cr\u00e9ativit\u00e9 et ma curiosit\u00e9 sont des atouts que je souhaite mettre au service des migrants, pour les aider \u00e0 s&rsquo;int\u00e9grer et \u00e0 s&rsquo;\u00e9panouir.<\/p>\n\n\n\n<p class=\"has-text-align-left\">Avec une formation en droit et une riche exp\u00e9rience en animation et communication, je suis d\u00e9termin\u00e9e \u00e0 continuer \u00e0 apprendre et \u00e0 partager mes connaissances. Je souhaite \u0153uvrer pour un avenir meilleur, o\u00f9 chacun, qu&rsquo;il soit citoyen ou migrant, trouve sa place et peut contribuer \u00e0 la soci\u00e9t\u00e9. Mon parcours est une qu\u00eate de sens, d&rsquo;engagement et de partage, et je suis impatiente de voir ce que l&rsquo;avenir me r\u00e9serve.<br>Nadia Minga<\/p>\n","protected":false},"excerpt":{"rendered":"<p>Nadia Minga, volontaire international pour 1 an \u00e0 l&rsquo;Espace Solidaire<\/p>\n","protected":false},"author":4,"featured_media":7386,"comment_status":"closed","ping_status":"closed","sticky":false,"template":"","format":"standard","meta":[],"categories":[1,2],"tags":[],"_links":{"self":[{"href":"https:\/\/reseau.ccfd-terresolidaire.org\/loire-atlantique\/wp-json\/wp\/v2\/posts\/7378"}],"collection":[{"href":"https:\/\/reseau.ccfd-terresolidaire.org\/loire-atlantique\/wp-json\/wp\/v2\/posts"}],"about":[{"href":"https:\/\/reseau.ccfd-terresolidaire.org\/loire-atlantique\/wp-json\/wp\/v2\/types\/post"}],"author":[{"embeddable":true,"href":"https:\/\/reseau.ccfd-terresolidaire.org\/loire-atlantique\/wp-json\/wp\/v2\/users\/4"}],"replies":[{"embeddable":true,"href":"https:\/\/reseau.ccfd-terresolidaire.org\/loire-atlantique\/wp-json\/wp\/v2\/comments?post=7378"}],"version-history":[{"count":2,"href":"https:\/\/reseau.ccfd-terresolidaire.org\/loire-atlantique\/wp-json\/wp\/v2\/posts\/7378\/revisions"}],"predecessor-version":[{"id":7388,"href":"https:\/\/reseau.ccfd-terresolidaire.org\/loire-atlantique\/wp-json\/wp\/v2\/posts\/7378\/revisions\/7388"}],"wp:featuredmedia":[{"embeddable":true,"href":"https:\/\/reseau.ccfd-terresolidaire.org\/loire-atlantique\/wp-json\/wp\/v2\/media\/7386"}],"wp:attachment":[{"href":"https:\/\/reseau.ccfd-terresolidaire.org\/loire-atlantique\/wp-json\/wp\/v2\/media?parent=7378"}],"wp:term":[{"taxonomy":"category","embeddable":true,"href":"https:\/\/reseau.ccfd-terresolidaire.org\/loire-atlantique\/wp-json\/wp\/v2\/categories?post=7378"},{"taxonomy":"post_tag","embeddable":true,"href":"https:\/\/reseau.ccfd-terresolidaire.org\/loire-atlantique\/wp-json\/wp\/v2\/tags?post=7378"}],"curies":[{"name":"wp","href":"https:\/\/api.w.org\/{rel}","templated":true}]}}