{"id":8263,"date":"2024-11-28T10:59:57","date_gmt":"2024-11-28T09:59:57","guid":{"rendered":"https:\/\/reseau.ccfd-terresolidaire.org\/loire-atlantique\/?p=8263"},"modified":"2024-11-28T11:00:00","modified_gmt":"2024-11-28T10:00:00","slug":"echos-de-la-journee-diocesaine-vivre-la-fraternite-justice-economique-et-fratelli-tutti","status":"publish","type":"post","link":"https:\/\/reseau.ccfd-terresolidaire.org\/loire-atlantique\/2024\/11\/28\/echos-de-la-journee-diocesaine-vivre-la-fraternite-justice-economique-et-fratelli-tutti\/","title":{"rendered":"\u00c9chos de la journ\u00e9e dioc\u00e9saine \u00ab Vivre la fraternit\u00e9 : Justice \u00e9conomique et Fratelli tutti\u00a0\u00bb"},"content":{"rendered":"\n<p><em>\u00ab&nbsp;<strong>Vivre la fraternit\u00e9 : Justice \u00e9conomique et Fratelli tutti<\/strong> \u00bb<\/em> : c\u2019est autour de ce th\u00e8me que se sont retrouv\u00e9s 80 b\u00e9n\u00e9voles et membres de la coll\u00e9gialit\u00e9 du <strong><a href=\"https:\/\/diocese44.fr\/les-mouvements-et-associations-de-fideles\/ccfd-terre-solidaire\/\">CCFD-Terre Solidaire 44<\/a><\/strong>, ce <strong>samedi 23 novembre 2024<\/strong>. Au programme de cette journ\u00e9e de formation d\u00e9partementale : une intervention tr\u00e8s appr\u00e9ci\u00e9e de Marcel R\u00e9mon, j\u00e9suite et directeur du CERAS (Centre de Recherche et d\u2019Action Sociales, association fond\u00e9e par les J\u00e9suites), des ateliers de relecture de leur action de solidarit\u00e9, avec des animateurs de CVX (Communaut\u00e9 Vie Chr\u00e9tienne), et un temps avec notre \u00c9v\u00eaque Laurent Percerou. Ce dernier, accompagnateur national du CCFD-Terre Solidaire, avant de pr\u00e9sider la c\u00e9l\u00e9bration dans l\u2019\u00e9glise de Sainte-Luce-sur-Loire, a \u00e9chang\u00e9 avec les 80 participants avant de pr\u00e9sider la c\u00e9l\u00e9bration dans l\u2019\u00e9glise de Sainte-Luce-sur-Loire.<\/p>\n\n\n\n<p><strong>Marcel R\u00e9mon<\/strong>, d\u2019une mani\u00e8re tr\u00e8s p\u00e9dagogique, nous a tout d\u2019abord &nbsp;rappel\u00e9 la m\u00e9thode de la pens\u00e9e sociale de l\u2019\u00c9glise catholique s\u2019appuyant sur le \u00ab&nbsp;Voir, juger, agir&nbsp;\u00bb.<\/p>\n\n\n\n<ul><li><strong>Voir<\/strong>, c\u2019est une des dimensions importantes de Fratelli Tutti qui d\u00e9peint abondamment les ombres d\u2019un monde ferm\u00e9 (\u00ab&nbsp; la paix sociale est difficile \u00e0 construire, elle est artisanale&nbsp;\u00bb FT 217) sans oublier des signes d\u2019esp\u00e9rance et un voeu formul\u00e9 par le pape Fran\u00e7ois (\u00ab&nbsp;le v\u0153u de faire rena\u00eetre un d\u00e9sir universel d\u2019humanit\u00e9&nbsp;\u00bb FT 8).<\/li><li><strong>Juger<\/strong>, c\u2019est le regard sur l\u2019injustice \u00e9conomique mondiale et le regard du CCFD-Terre Solidaire sur les in\u00e9galit\u00e9s, visualis\u00e9 par la carte des actions de nos partenaires.<\/li><li><strong>Agir<\/strong>&nbsp;: Marcel R\u00e9mon nous invite \u00e0 r\u00e9fl\u00e9chir sur le bien commun qui n\u2019est pas l\u2019int\u00e9r\u00eat g\u00e9n\u00e9ral, ni quelque bien partag\u00e9 (on le r\u00e9duit souvent \u00e0 cela), mais <em>\u00ab Le <strong>bien commun\u2026<\/strong> est un\u2026 ensemble de <strong>conditions sociales <\/strong>qui permettent, tant aux <strong>groupes <\/strong>qu\u2019\u00e0 <strong>chacun <\/strong>de leurs membres, d\u2019atteindre leur perfection d\u2019une fa\u00e7on plus totale et plus ais\u00e9e \u00bb. <\/em>(<em>GS Gaudium et Spes 26<\/em>, 1). Citant Fratelli Tutti (FT 169 et 98) il nous propose LES TROIS TEMPS DU CHEMIN VERS LE BIEN COMMUN&nbsp;: <strong>Un cap <\/strong>: le r\u00eave de fraternit\u00e9 universelle, avec autrui, la plan\u00e8te, soi-m\u00eame, Dieu \u2013 <strong>Un ancrage <\/strong>: l\u2019attention permanente aux plus pauvres \u2013 <strong>Un chemin p\u00e9dagogique <\/strong>: l\u2019exigence de dialogue dans la v\u00e9rit\u00e9.<\/li><\/ul>\n\n\n\n<p>Pour nous chr\u00e9tiens, le \u00ab\u00a0d\u00e9j\u00e0 l\u00e0\u00a0\u00bb est notre esp\u00e9rance et le \u00ab\u00a0pas encore\u00a0\u00bb nous rappelle l\u2019importance du chemin, du r\u00eave et de la confiance pour continuer \u00e0 agir avec nos partenaires pour un monde plus juste et solidaire.<br>Ce ne sont que quelques extraits de l\u2019intervention de Marcel R\u00e9mon qui nous a enthousiasm\u00e9s.<\/p>\n\n\n\n<p>L\u2019apr\u00e8s-midi, nous nous retrouvions dans des <strong>ateliers de relecture<\/strong> propos\u00e9s et anim\u00e9s par des membres de CVX \u00e0 partir de 2 extraits de Fratelli Tutti (n\u00b0 115 et 116)\u00a0: un temps d\u2019\u00e9coute, de partage, d\u2019\u00e9change pour donner sens \u00e0 nos engagements.<br>En final, <strong>un temps tr\u00e8s fraternel d\u2019\u00e9changes avec notre \u00c9v\u00eaque<\/strong> Laurent Percerou, qui nous a rappel\u00e9 l\u2019importance de notre mission au sein du CCFD-Terre Solidaire et nous a confort\u00e9s, si besoin \u00e9tait, dans nos convictions.<br>Cette journ\u00e9e \u00a0a \u00e9t\u00e9 riche en r\u00e9flexion \u00a0pour nourrir notre engagement :<em>\u00a0agir ici, agir l\u00e0-bas, agir ensemble<\/em>.<\/p>\n\n\n\n<p class=\"has-text-align-right\">L\u2019\u00e9quipe du bureau dioc\u00e9sain du CCFD-Terre Solidaire<\/p>\n\n\n<p><br \/><br \/><br \/><br \/><\/p>","protected":false},"excerpt":{"rendered":"<p>\u00ab&nbsp;Vivre la fraternit\u00e9 : Justice \u00e9conomique et Fratelli tutti \u00bb : c\u2019est autour de ce th\u00e8me que se sont retrouv\u00e9s 80 b\u00e9n\u00e9voles et membres de la coll\u00e9gialit\u00e9 du CCFD-Terre Solidaire 44, ce samedi 23 novembre 2024. Au programme de cette journ\u00e9e de formation d\u00e9partementale : une intervention tr\u00e8s appr\u00e9ci\u00e9e de Marcel R\u00e9mon, j\u00e9suite et directeur&#8230;<\/p>\n","protected":false},"author":4,"featured_media":8275,"comment_status":"closed","ping_status":"closed","sticky":false,"template":"","format":"standard","meta":[],"categories":[1],"tags":[],"_links":{"self":[{"href":"https:\/\/reseau.ccfd-terresolidaire.org\/loire-atlantique\/wp-json\/wp\/v2\/posts\/8263"}],"collection":[{"href":"https:\/\/reseau.ccfd-terresolidaire.org\/loire-atlantique\/wp-json\/wp\/v2\/posts"}],"about":[{"href":"https:\/\/reseau.ccfd-terresolidaire.org\/loire-atlantique\/wp-json\/wp\/v2\/types\/post"}],"author":[{"embeddable":true,"href":"https:\/\/reseau.ccfd-terresolidaire.org\/loire-atlantique\/wp-json\/wp\/v2\/users\/4"}],"replies":[{"embeddable":true,"href":"https:\/\/reseau.ccfd-terresolidaire.org\/loire-atlantique\/wp-json\/wp\/v2\/comments?post=8263"}],"version-history":[{"count":4,"href":"https:\/\/reseau.ccfd-terresolidaire.org\/loire-atlantique\/wp-json\/wp\/v2\/posts\/8263\/revisions"}],"predecessor-version":[{"id":8277,"href":"https:\/\/reseau.ccfd-terresolidaire.org\/loire-atlantique\/wp-json\/wp\/v2\/posts\/8263\/revisions\/8277"}],"wp:featuredmedia":[{"embeddable":true,"href":"https:\/\/reseau.ccfd-terresolidaire.org\/loire-atlantique\/wp-json\/wp\/v2\/media\/8275"}],"wp:attachment":[{"href":"https:\/\/reseau.ccfd-terresolidaire.org\/loire-atlantique\/wp-json\/wp\/v2\/media?parent=8263"}],"wp:term":[{"taxonomy":"category","embeddable":true,"href":"https:\/\/reseau.ccfd-terresolidaire.org\/loire-atlantique\/wp-json\/wp\/v2\/categories?post=8263"},{"taxonomy":"post_tag","embeddable":true,"href":"https:\/\/reseau.ccfd-terresolidaire.org\/loire-atlantique\/wp-json\/wp\/v2\/tags?post=8263"}],"curies":[{"name":"wp","href":"https:\/\/api.w.org\/{rel}","templated":true}]}}