{"id":8279,"date":"2024-11-28T11:14:44","date_gmt":"2024-11-28T10:14:44","guid":{"rendered":"https:\/\/reseau.ccfd-terresolidaire.org\/loire-atlantique\/?p=8279"},"modified":"2024-11-28T11:21:13","modified_gmt":"2024-11-28T10:21:13","slug":"soiree-debat-lojein-le-regard-une-jeune-photographe-irakienne","status":"publish","type":"post","link":"https:\/\/reseau.ccfd-terresolidaire.org\/loire-atlantique\/2024\/11\/28\/soiree-debat-lojein-le-regard-une-jeune-photographe-irakienne\/","title":{"rendered":"Soir\u00e9e-D\u00e9bat : Lojein, le regard une jeune photographe irakienne"},"content":{"rendered":"\n<p>Mercredi 20 Novembre, l\u2019espace solidaire a vibr\u00e9 au rythme d\u2019une soir\u00e9e-d\u00e9bat exceptionnelle. &nbsp;Au c\u0153ur de cette soir\u00e9e, l\u2019histoire bouleversante de Lojein, une jeune photographe irakienne. Cet \u00e9v\u00e9nement a r\u00e9uni 42 participants, tous venus d\u00e9couvrir le parcours inspirant de cette artiste dont le courage et le talent illuminent un quotidien marqu\u00e9 par les d\u00e9fis.<\/p>\n\n\n\n<p>Les photos projet\u00e9es retra\u00e7aient les \u00e9tapes cl\u00e9s de sa vie, r\u00e9v\u00e9lant comment \u00e0 travers son objectif, capture la r\u00e9alit\u00e9 souvent brutale de son pays tout en exprimant ses r\u00eaves de libert\u00e9 et de justice. Ses clich\u00e9s, empreints d\u2019\u00e9motion et de v\u00e9rit\u00e9, racontent l\u2019Irak autrement, m\u00ealant beaut\u00e9 et espoir dans un contexte parfois d\u00e9chirant. S\u2019en est suivie une discussion anim\u00e9e, permettant aux participants d\u2019\u00e9changer leurs impressions et de poser des questions.<\/p>\n\n\n\n<p>Cette soir\u00e9e a \u00e9t\u00e9 l\u2019occasion d\u2019un partage enrichissant, mettant en lumi\u00e8re le r\u00f4le de l\u2019art comme outil de r\u00e9silience et de transformation sociale, un pont entre les cultures, une fen\u00eatre sur des mondes souvent m\u00e9connus. L\u2019\u00e9motion \u00e9tait palpable, et chacun est reparti le c\u0153ur enrichi, avec la certitude d\u2019avoir v\u00e9cu un moment unique.<\/p>\n\n\n\n<p>Pour prolonger ce voyage culturel et continuer \u00e0 explorer les richesses d\u2019autres horizons, l\u2019Espace solidaire vous invite \u00e0 une soir\u00e9e Tchad le lundi 11 d\u00e9cembre \u00e0 18h30 pour une soir\u00e9e exceptionnelle d\u00e9di\u00e9e \u00e0 ce pays fascinant, surnomm\u00e9 TOUMAI (Berceau de l\u2019humanit\u00e9)<\/p>\n\n\n\n<p>Plongez au c\u0153ur de la culture tchadienne \u00e0 travers des projections, des \u00e9changes, et des saveurs typiques qui feront voyager les participants. Cette soir\u00e9e sera l\u2019occasion id\u00e9ale de d\u00e9couvrir les richesses culturelles, historiques et naturelles de ce pays unique.<\/p>\n\n\n\n<p>Ne manquez pas cette opportunit\u00e9 de vivre un moment d\u2019\u00e9vasion et de partage. Venez nombreux pour explorer le Tchad autrement !<\/p>\n\n\n\n<p class=\"has-text-align-right\"><strong>NADIA MINGA<\/strong><\/p>\n","protected":false},"excerpt":{"rendered":"<p>Mercredi 20 Novembre, l\u2019espace solidaire a vibr\u00e9 au rythme d\u2019une soir\u00e9e-d\u00e9bat exceptionnelle.  Au c\u0153ur de cette soir\u00e9e, l\u2019histoire bouleversante de Lojein, une jeune photographe irakienne&#8230;<\/p>\n","protected":false},"author":4,"featured_media":8281,"comment_status":"closed","ping_status":"closed","sticky":false,"template":"","format":"standard","meta":[],"categories":[2],"tags":[],"_links":{"self":[{"href":"https:\/\/reseau.ccfd-terresolidaire.org\/loire-atlantique\/wp-json\/wp\/v2\/posts\/8279"}],"collection":[{"href":"https:\/\/reseau.ccfd-terresolidaire.org\/loire-atlantique\/wp-json\/wp\/v2\/posts"}],"about":[{"href":"https:\/\/reseau.ccfd-terresolidaire.org\/loire-atlantique\/wp-json\/wp\/v2\/types\/post"}],"author":[{"embeddable":true,"href":"https:\/\/reseau.ccfd-terresolidaire.org\/loire-atlantique\/wp-json\/wp\/v2\/users\/4"}],"replies":[{"embeddable":true,"href":"https:\/\/reseau.ccfd-terresolidaire.org\/loire-atlantique\/wp-json\/wp\/v2\/comments?post=8279"}],"version-history":[{"count":2,"href":"https:\/\/reseau.ccfd-terresolidaire.org\/loire-atlantique\/wp-json\/wp\/v2\/posts\/8279\/revisions"}],"predecessor-version":[{"id":8287,"href":"https:\/\/reseau.ccfd-terresolidaire.org\/loire-atlantique\/wp-json\/wp\/v2\/posts\/8279\/revisions\/8287"}],"wp:featuredmedia":[{"embeddable":true,"href":"https:\/\/reseau.ccfd-terresolidaire.org\/loire-atlantique\/wp-json\/wp\/v2\/media\/8281"}],"wp:attachment":[{"href":"https:\/\/reseau.ccfd-terresolidaire.org\/loire-atlantique\/wp-json\/wp\/v2\/media?parent=8279"}],"wp:term":[{"taxonomy":"category","embeddable":true,"href":"https:\/\/reseau.ccfd-terresolidaire.org\/loire-atlantique\/wp-json\/wp\/v2\/categories?post=8279"},{"taxonomy":"post_tag","embeddable":true,"href":"https:\/\/reseau.ccfd-terresolidaire.org\/loire-atlantique\/wp-json\/wp\/v2\/tags?post=8279"}],"curies":[{"name":"wp","href":"https:\/\/api.w.org\/{rel}","templated":true}]}}