{"id":8431,"date":"2025-01-08T09:27:53","date_gmt":"2025-01-08T08:27:53","guid":{"rendered":"https:\/\/reseau.ccfd-terresolidaire.org\/loire-atlantique\/?p=8431"},"modified":"2025-01-08T09:27:55","modified_gmt":"2025-01-08T08:27:55","slug":"des-populations-resistent-aux-effets-devastateurs-des-extractions-de-minerais","status":"publish","type":"post","link":"https:\/\/reseau.ccfd-terresolidaire.org\/loire-atlantique\/2025\/01\/08\/des-populations-resistent-aux-effets-devastateurs-des-extractions-de-minerais\/","title":{"rendered":"Des populations r\u00e9sistent aux effets d\u00e9vastateurs des extractions de minerais"},"content":{"rendered":"\n<p style=\"font-size:21px\"><strong><span style=\"color:#ff671f\" class=\"has-inline-color\">Cin\u00e9-d\u00e9bat sur les r\u00e9ussites de nos partenaires face \u00e0 l&rsquo;extractivisme des multinationales<\/span><\/strong><\/p>\n\n\n\n<p class=\"has-medium-font-size\"><strong><span style=\"color:#ff671f\" class=\"has-inline-color\">Jeudi 23 janvier \u00e0 18h30 \u00e0 l\u2019Espace Solidaire<\/span><\/strong>, 17 rue du Moulin 44000 Nantes (face au parking Decr\u00e9)<\/p>\n\n\n\n<p>Ce mod\u00e8le \u00e9conomique, domin\u00e9 par des multinationales du Nord, exploite les ressources naturelles des pays du Sud au prix de graves atteintes aux droits humains et \u00e0 l\u2019environnement. Les populations locales, souvent exclues des d\u00e9cisions qui impactent leur avenir, voient leurs droits bafou\u00e9s.<\/p>\n\n\n\n<p><strong>Pourtant, elles ont le droit de dire NON !<\/strong><br>Gr\u00e2ce aux luttes men\u00e9es par la soci\u00e9t\u00e9 civile, des victoires importantes ont \u00e9t\u00e9 obtenues, comme la loi sur le devoir de vigilance au niveau fran\u00e7ais et europ\u00e9en. Mais trop peu de multinationales sont encore tenues responsables de leurs actes.<br>Il est temps de dire NON \u00e0 ce mod\u00e8le \u00e9conomique destructeur.<\/p>\n\n\n\n<p style=\"font-size:19px\"><strong><span style=\"color:#ff671f\" class=\"has-inline-color\">Venez d\u00e9couvrir les r\u00e9ussites de nos partenaires \u00e0 Madagascar, au Cambodge, au Mozambique etc\u2026<\/span><\/strong><\/p>\n\n\n\n<p style=\"font-size:19px\">Au Cambodge, avec le soutien d\u2019<a rel=\"noreferrer noopener\" href=\"https:\/\/ccfd-terresolidaire.org\/partenaire\/equitable-cambodia-ec\/\" target=\"_blank\">Equitable Cambodia<\/a> (soutenue par le CCFD-Terre Solidaire) et d\u2019autres organisations, les communaut\u00e9s ont uni leurs forces pour r\u00e9sister \u00e0 cette expropriation ill\u00e9gale.<br>A Madagascar, l\u2019exploitation aurif\u00e8re de Vohilava ferme \u00e0 la suite de la mobilisation de la population.<br><strong>Nous vous esp\u00e9rons nombreux le jeudi 23 janvier \u00e0 18h30.<\/strong><\/p>\n\n\n\n<p><a href=\"https:\/\/reseau.ccfd-terresolidaire.org\/loire-atlantique\/wp-content\/uploads\/sites\/2\/2025\/01\/A4cinedebatextractivismecomp.pdf\" target=\"_blank\" rel=\"noreferrer noopener\">T\u00e9l\u00e9charger l&rsquo;invitation<\/a><\/p>\n\n\n\n<p>Et rejoignez la campagne du CCFD-Terre Solidaire pour d\u00e9fendre le droit des populations \u00e0 d\u00e9cider de leur avenir, prot\u00e9ger leurs territoires et construire un monde plus juste et durable, en<strong> signant le manifeste.&nbsp;<\/strong><\/p>\n\n\n\n<p><strong><a rel=\"noreferrer noopener\" href=\"https:\/\/ccfd-terresolidaire.org\/campagne\/abus-des-multinationales-on-devrait-tous-pouvoir-dire-non\/#manifeste\" target=\"_blank\">En savoir plus<\/a><\/strong><\/p>\n\n\n\n<figure class=\"wp-block-embed is-type-wp-embed is-provider-ccfd-terre-solidaire wp-block-embed-ccfd-terre-solidaire\"><div class=\"wp-block-embed__wrapper\">\n<blockquote class=\"wp-embedded-content\" data-secret=\"hdpntsGiBd\"><a href=\"https:\/\/ccfd-terresolidaire.org\/campagne\/abus-des-multinationales-on-devrait-tous-pouvoir-dire-non\/\">Campagne Abus des multinationales : on devrait tous pouvoir dire non\u00a0<\/a><\/blockquote><iframe class=\"wp-embedded-content\" sandbox=\"allow-scripts\" security=\"restricted\" style=\"position: absolute; clip: rect(1px, 1px, 1px, 1px);\" title=\"\u00ab\u00a0Campagne Abus des multinationales : on devrait tous pouvoir dire non\u00a0\u00a0\u00bb &#8212; CCFD-Terre Solidaire\" src=\"https:\/\/ccfd-terresolidaire.org\/campagne\/abus-des-multinationales-on-devrait-tous-pouvoir-dire-non\/embed\/#?secret=rgz2uGUi5w#?secret=hdpntsGiBd\" data-secret=\"hdpntsGiBd\" width=\"600\" height=\"338\" frameborder=\"0\" marginwidth=\"0\" marginheight=\"0\" scrolling=\"no\"><\/iframe>\n<\/div><\/figure>\n\n\n\n<p>Contact : 17 rue du Moulin 44000 Nantes<br>ccfd44@ccfd-terresolidaire.org &#8211; 06 82 06 70 46<\/p>\n","protected":false},"excerpt":{"rendered":"<p>Cin\u00e9-d\u00e9bat le 23 janvier sur les r\u00e9ussites de nos partenaires face \u00e0 l&rsquo;extractivisme des multinationales<\/p>\n","protected":false},"author":4,"featured_media":8433,"comment_status":"closed","ping_status":"closed","sticky":false,"template":"","format":"standard","meta":[],"categories":[2],"tags":[],"_links":{"self":[{"href":"https:\/\/reseau.ccfd-terresolidaire.org\/loire-atlantique\/wp-json\/wp\/v2\/posts\/8431"}],"collection":[{"href":"https:\/\/reseau.ccfd-terresolidaire.org\/loire-atlantique\/wp-json\/wp\/v2\/posts"}],"about":[{"href":"https:\/\/reseau.ccfd-terresolidaire.org\/loire-atlantique\/wp-json\/wp\/v2\/types\/post"}],"author":[{"embeddable":true,"href":"https:\/\/reseau.ccfd-terresolidaire.org\/loire-atlantique\/wp-json\/wp\/v2\/users\/4"}],"replies":[{"embeddable":true,"href":"https:\/\/reseau.ccfd-terresolidaire.org\/loire-atlantique\/wp-json\/wp\/v2\/comments?post=8431"}],"version-history":[{"count":1,"href":"https:\/\/reseau.ccfd-terresolidaire.org\/loire-atlantique\/wp-json\/wp\/v2\/posts\/8431\/revisions"}],"predecessor-version":[{"id":8435,"href":"https:\/\/reseau.ccfd-terresolidaire.org\/loire-atlantique\/wp-json\/wp\/v2\/posts\/8431\/revisions\/8435"}],"wp:featuredmedia":[{"embeddable":true,"href":"https:\/\/reseau.ccfd-terresolidaire.org\/loire-atlantique\/wp-json\/wp\/v2\/media\/8433"}],"wp:attachment":[{"href":"https:\/\/reseau.ccfd-terresolidaire.org\/loire-atlantique\/wp-json\/wp\/v2\/media?parent=8431"}],"wp:term":[{"taxonomy":"category","embeddable":true,"href":"https:\/\/reseau.ccfd-terresolidaire.org\/loire-atlantique\/wp-json\/wp\/v2\/categories?post=8431"},{"taxonomy":"post_tag","embeddable":true,"href":"https:\/\/reseau.ccfd-terresolidaire.org\/loire-atlantique\/wp-json\/wp\/v2\/tags?post=8431"}],"curies":[{"name":"wp","href":"https:\/\/api.w.org\/{rel}","templated":true}]}}