{"id":8549,"date":"2025-02-11T13:49:01","date_gmt":"2025-02-11T12:49:01","guid":{"rendered":"https:\/\/reseau.ccfd-terresolidaire.org\/loire-atlantique\/?p=8549"},"modified":"2025-02-11T13:49:04","modified_gmt":"2025-02-11T12:49:04","slug":"lenfer-des-mines","status":"publish","type":"post","link":"https:\/\/reseau.ccfd-terresolidaire.org\/loire-atlantique\/2025\/02\/11\/lenfer-des-mines\/","title":{"rendered":"L&rsquo;enfer des mines"},"content":{"rendered":"\n<p style=\"font-size:15px\"><strong>\u00a9<\/strong> Roberta Valerio\/CCFD-Terre Solidaire &#8211; Les agriculteurs de Madagascar pr\u00e8s de la base Toliara d\u00e9termin\u00e9s contre ce projet<\/p>\n\n\n\n<p><strong>Nous \u00e9tions une trentaine jeudi soir \u00e0 l&rsquo;Espace Solidaire pour la soir\u00e9e d\u00e9bat consacr\u00e9 aux abus des multinationales dans le monde.<\/strong><\/p>\n\n\n\n<p><strong><span style=\"color:#ff671f\" class=\"has-inline-color\">Pour satisfaire les besoins des pays les plus riches, les multinationales\u00a0extractives\u00a0exploitent \u00e0 grande \u00e9chelle les territoires et les ressources naturelles des pays du Sud, souvent au d\u00e9triment des droits humains et de l\u2019environnement.<\/span><\/strong><\/p>\n\n\n\n<p>Un premier documentaire sur l&rsquo;extraction du cobalt en Centre Afrique, illustrait d&rsquo;une part la&nbsp;mani\u00e8re artisanale dans des puis de 50m de profondeur creus\u00e9s \u00e0 la main, sans a\u00e9rage avec des&nbsp;conditions d&rsquo;ins\u00e9curit\u00e9s extr\u00eames et d&rsquo;autre part le g\u00e9ant chinois expropriant \u00e0 tout va les populations locales, sans indemnit\u00e9s, pour \u00e9tendre cette mine \u00e0 ciel ouvert o\u00f9&nbsp;le balais des engins et des camions de cesse jamais.&nbsp;<\/p>\n\n\n\n<p>Une autre vid\u00e9o relatait le combat en justice de la communaut\u00e9 autochtone mexicaine d&rsquo;Union Hidalgo, un partenaire du CCFD-Terre Solidaire,\u00a0 contre le g\u00e9ant fran\u00e7ais de l\u2019\u00e9nergie EDF. Pour \u00e9tendre un parc \u00e9olien g\u00e9ant, EDF a expuls\u00e9 de ses terres la communaut\u00e9, sans adh\u00e9sion au principe juridique international du\u00a0Consentement Libre, Inform\u00e9 et Pr\u00e9alable.\u00a0Le 18 juin 2024, la Cour d\u2019appel de Paris a admis l\u2019action en justice intent\u00e9e par la Uni\u00f3n Hidalgo (Le processus est en cours).<\/p>\n\n\n\n<p><strong>Malgr\u00e9 l\u2019existence de normes, terres, for\u00eats et rivi\u00e8res sont d\u00e9vast\u00e9es, tandis que les populations locales sont largement exclues des d\u00e9cisions impactant leur avenir. Les peuples autochtones et communaut\u00e9s paysannes sont les premi\u00e8res victimes de ce mod\u00e8le de d\u00e9veloppement. Leurs modes de vie et leur prise en compte sont fr\u00e9quemment ignor\u00e9s au profit des int\u00e9r\u00eats des multinationales.<\/strong><\/p>\n\n\n\n<p><strong><span style=\"color:#ff671f\" class=\"has-inline-color\">Pour lutter contre les abus des multinationales, nous avons le droit de dire NON !<\/span><\/strong><\/p>\n\n\n\n<p><strong>Gr\u00e2ce aux luttes men\u00e9es par la soci\u00e9t\u00e9 civile, des victoires importantes ont \u00e9t\u00e9 obtenues, comme la loi sur le devoir de vigilance au niveau fran\u00e7ais et europ\u00e9en. Mais trop peu de multinationales sont encore tenues responsables de leurs actes.Il est temps de dire NON \u00e0 ce mod\u00e8le \u00e9conomique destructeur. Rejoignez la campagne du CCFD-Terre Solidaire pour d\u00e9fendre le droit des populations \u00e0 d\u00e9cider de leur avenir, prot\u00e9ger leurs territoires et construire un monde plus juste et durable, en\u00a0signant le manifeste sur\u00a0 \u00a0 https:\/\/ccfd-terresolidaire.org\/campagne\/abus-des-multinationales-on-devrait-tous-pouvoir-dire-non\/<\/strong><\/p>\n\n\n\n<p>Nadia Minga<\/p>\n","protected":false},"excerpt":{"rendered":"<p>Nous \u00e9tions une trentaine jeudi soir \u00e0 l&rsquo;Espace Solidaire pour la soir\u00e9e d\u00e9bat consacr\u00e9 aux abus des multinationales dans le monde.<\/p>\n","protected":false},"author":4,"featured_media":8557,"comment_status":"closed","ping_status":"closed","sticky":false,"template":"","format":"standard","meta":[],"categories":[2],"tags":[],"_links":{"self":[{"href":"https:\/\/reseau.ccfd-terresolidaire.org\/loire-atlantique\/wp-json\/wp\/v2\/posts\/8549"}],"collection":[{"href":"https:\/\/reseau.ccfd-terresolidaire.org\/loire-atlantique\/wp-json\/wp\/v2\/posts"}],"about":[{"href":"https:\/\/reseau.ccfd-terresolidaire.org\/loire-atlantique\/wp-json\/wp\/v2\/types\/post"}],"author":[{"embeddable":true,"href":"https:\/\/reseau.ccfd-terresolidaire.org\/loire-atlantique\/wp-json\/wp\/v2\/users\/4"}],"replies":[{"embeddable":true,"href":"https:\/\/reseau.ccfd-terresolidaire.org\/loire-atlantique\/wp-json\/wp\/v2\/comments?post=8549"}],"version-history":[{"count":2,"href":"https:\/\/reseau.ccfd-terresolidaire.org\/loire-atlantique\/wp-json\/wp\/v2\/posts\/8549\/revisions"}],"predecessor-version":[{"id":8559,"href":"https:\/\/reseau.ccfd-terresolidaire.org\/loire-atlantique\/wp-json\/wp\/v2\/posts\/8549\/revisions\/8559"}],"wp:featuredmedia":[{"embeddable":true,"href":"https:\/\/reseau.ccfd-terresolidaire.org\/loire-atlantique\/wp-json\/wp\/v2\/media\/8557"}],"wp:attachment":[{"href":"https:\/\/reseau.ccfd-terresolidaire.org\/loire-atlantique\/wp-json\/wp\/v2\/media?parent=8549"}],"wp:term":[{"taxonomy":"category","embeddable":true,"href":"https:\/\/reseau.ccfd-terresolidaire.org\/loire-atlantique\/wp-json\/wp\/v2\/categories?post=8549"},{"taxonomy":"post_tag","embeddable":true,"href":"https:\/\/reseau.ccfd-terresolidaire.org\/loire-atlantique\/wp-json\/wp\/v2\/tags?post=8549"}],"curies":[{"name":"wp","href":"https:\/\/api.w.org\/{rel}","templated":true}]}}