{"id":9030,"date":"2025-03-10T16:51:57","date_gmt":"2025-03-10T15:51:57","guid":{"rendered":"https:\/\/reseau.ccfd-terresolidaire.org\/loire-atlantique\/?p=9030"},"modified":"2025-03-11T14:15:32","modified_gmt":"2025-03-11T13:15:32","slug":"julien-mutiki-de-rdc-a-leglise-st-bernard","status":"publish","type":"post","link":"https:\/\/reseau.ccfd-terresolidaire.org\/loire-atlantique\/2025\/03\/10\/julien-mutiki-de-rdc-a-leglise-st-bernard\/","title":{"rendered":"Julien Mutiki de RDC \u00e0 l&rsquo;\u00e9glise St Bernard"},"content":{"rendered":"\n<p style=\"font-size:23px\"><span style=\"color:#ff671f\" class=\"has-inline-color\"><strong>Vendredi 14 mars&nbsp;: Soir\u00e9e d\u00e9bat \u00e0 l\u2019\u00e9glise St Bernard \u00e0 Nantes de 19h30 \u00e0 21h30 <\/strong>Avec la participation en visio de&nbsp;<strong>Julien Mutiki de l\u2019organisation IFDP(Innovation et Formation pour le D\u00e9veloppement et la Paix), partenaire du CCFD-Terre Solidaire <\/strong>et <strong>Samuel Pommeret, Charg\u00e9 de Partenariat Grands Lacs Afrique-Oc\u00e9an Indien&nbsp; au CCFD-Terre Solidaire<\/strong>.<\/span><\/p>\n\n\n\n<p>Image : copyright William Dupuy\/CCFD-Terre Solidaire<\/p>\n\n\n\n<p>Depuis plusieurs d\u00e9cennies, l&rsquo;Est de la R\u00e9publique d\u00e9mocratique du Congo est marqu\u00e9 par des conflits et des crises cycliques et prolong\u00e9s. Il se caract\u00e9rise par une dynamique complexe de conflits, en particulier : la mobilisation autour de la terre, du pouvoir et de l\u2019identit\u00e9 ; les dilemmes de s\u00e9curit\u00e9 ; l&rsquo;exploitation des ressources naturelles et la pr\u00e9sence de dynamiques r\u00e9gionales. Entrelac\u00e9s, ces conflits ont cr\u00e9\u00e9 des probl\u00e8mes majeurs de s\u00e9curit\u00e9 et de protection, avec un impact n\u00e9gatif sur les activit\u00e9s \u00e9conomiques en g\u00e9n\u00e9ral ; ils g\u00e9n\u00e8rent des tensions li\u00e9es \u00e0 l\u2019exploitation des terres ainsi que la cristallisation de tensions intra et intercommunautaires. La n\u00e9cessit\u00e9 d\u2019am\u00e9liorer la gouvernance fonci\u00e8re appara\u00eet ainsi comme un besoin existentiel pour une grande majorit\u00e9 de la population congolaise et une porte de sortie pour construire une paix durable, une dynamique socio\u00e9conomique et un d\u00e9veloppement durable dont d\u00e9pendent les g\u00e9n\u00e9rations actuelles et futures.<br>Les petits exploitants agricoles et petites exploitantes agricoles constituent pr\u00e8s de 90% de la population du Sud-Kivu. Ils et elles sont particuli\u00e8rement vuln\u00e9rables en raison de l&rsquo;ins\u00e9curit\u00e9 de la Province (groupes arm\u00e9s), de la d\u00e9gradation des \u00e9cosyst\u00e8mes, de l&rsquo;ins\u00e9curit\u00e9 fonci\u00e8re, des faibles moyens de production, du faible acc\u00e8s aux intrants et aux financements et de leur manque de poids politique. En raison de la d\u00e9faillance de l&rsquo;\u00c9tat congolais, de l&rsquo;obsolescence du cadre juridique relatif et de la mutation des usages fonciers, l\u2019acc\u00e8s \u00e0 la terre est un enjeu sensible et source de conflits locaux importants.<br><strong><span style=\"color:#ff671f\" class=\"has-inline-color\">PR\u00c9SENTATION DU PARTENAIRE<\/span><\/strong><br>N\u00e9 en 2002 dans un contexte post-guerre, Innovation et Formation pour le D\u00e9veloppement et la Paix (IFDP) est une organisation de la soci\u00e9t\u00e9 civile kino-congolaise, mobilis\u00e9e autour des enjeux li\u00e9s au foncier, \u00e0 la gouvernance locale et \u00e0 la pr\u00e9servation de l\u2019environnement et des ressources. Son si\u00e8ge est \u00e0 Bukavu \u00e0 l\u2019Est de la R\u00e9publique d\u00e9mocratique du Congo (RDC) et son champ d\u2019intervention est la Province du Sud-Kivu notamment au sein des Entit\u00e9s Territoriales D\u00e9centralis\u00e9es (les Chefferies).<br>Sa mission est de conscientiser, renforcer les capacit\u00e9s et les comp\u00e9tences ainsi qu\u2019appuyer l\u2019engagement constructif et des actions innovantes qui s\u00e9curisent les droits des communaut\u00e9s locales y compris les droits des femmes et des peuples autochtones leur permettant de participer, de contr\u00f4ler et de b\u00e9n\u00e9ficier de leurs ressources naturelles, aussi bien la terre, la for\u00eat et les mines dans une perspective d\u2019am\u00e9liorer leur cadre de vie.<br>IFDP est chef de file du cadre de concertation des acteurs fonciers au Sud-Kivu et participe aux activit\u00e9s de la Commission nationale pour la r\u00e9forme fonci\u00e8re (CONAREF). IFDP collabore \u00e9troitement avec le Forum des Amis de la Terre (FAT) au Nord-Kivu et \u00e9change r\u00e9guli\u00e8rement avec les autres acteurs fonciers de la r\u00e9gion (Accord au Burundi notamment).<\/p>\n\n\n\n<p><a href=\"https:\/\/reseau.ccfd-terresolidaire.org\/loire-atlantique\/wp-content\/uploads\/sites\/2\/2025\/03\/A4stbernardcentreest2025.pdf\" target=\"_blank\" rel=\"noreferrer noopener\">T\u00e9l\u00e9charger l&rsquo;invitation<\/a><\/p>\n\n\n\n<p><a href=\"https:\/\/ccfd-terresolidaire.org\/partenaire\/innovation-et-formation-pour-le-developpement-et-la-paix-ifdp\/\" target=\"_blank\" rel=\"noreferrer noopener\">En savoir plus<\/a><\/p>\n\n\n\n<p><\/p>\n","protected":false},"excerpt":{"rendered":"<p>Vendredi 14 mars : Soir\u00e9e d\u00e9bat \u00e0 l\u2019\u00e9glise St Bernard \u00e0 Nantes de 19h30 \u00e0 21h30 Avec la participation en visio de Julien Mutiki de l\u2019organisation IFDP(Innovation et Formation pour le D\u00e9veloppement et la Paix), partenaire du CCFD-Terre Solidaire et Samuel Pommeret, Charg\u00e9 de Partenariat Grands Lacs Afrique-Oc\u00e9an Indien  au CCFD-Terre Solidaire.<\/p>\n","protected":false},"author":4,"featured_media":9032,"comment_status":"closed","ping_status":"closed","sticky":false,"template":"","format":"standard","meta":[],"categories":[1],"tags":[],"_links":{"self":[{"href":"https:\/\/reseau.ccfd-terresolidaire.org\/loire-atlantique\/wp-json\/wp\/v2\/posts\/9030"}],"collection":[{"href":"https:\/\/reseau.ccfd-terresolidaire.org\/loire-atlantique\/wp-json\/wp\/v2\/posts"}],"about":[{"href":"https:\/\/reseau.ccfd-terresolidaire.org\/loire-atlantique\/wp-json\/wp\/v2\/types\/post"}],"author":[{"embeddable":true,"href":"https:\/\/reseau.ccfd-terresolidaire.org\/loire-atlantique\/wp-json\/wp\/v2\/users\/4"}],"replies":[{"embeddable":true,"href":"https:\/\/reseau.ccfd-terresolidaire.org\/loire-atlantique\/wp-json\/wp\/v2\/comments?post=9030"}],"version-history":[{"count":2,"href":"https:\/\/reseau.ccfd-terresolidaire.org\/loire-atlantique\/wp-json\/wp\/v2\/posts\/9030\/revisions"}],"predecessor-version":[{"id":9057,"href":"https:\/\/reseau.ccfd-terresolidaire.org\/loire-atlantique\/wp-json\/wp\/v2\/posts\/9030\/revisions\/9057"}],"wp:featuredmedia":[{"embeddable":true,"href":"https:\/\/reseau.ccfd-terresolidaire.org\/loire-atlantique\/wp-json\/wp\/v2\/media\/9032"}],"wp:attachment":[{"href":"https:\/\/reseau.ccfd-terresolidaire.org\/loire-atlantique\/wp-json\/wp\/v2\/media?parent=9030"}],"wp:term":[{"taxonomy":"category","embeddable":true,"href":"https:\/\/reseau.ccfd-terresolidaire.org\/loire-atlantique\/wp-json\/wp\/v2\/categories?post=9030"},{"taxonomy":"post_tag","embeddable":true,"href":"https:\/\/reseau.ccfd-terresolidaire.org\/loire-atlantique\/wp-json\/wp\/v2\/tags?post=9030"}],"curies":[{"name":"wp","href":"https:\/\/api.w.org\/{rel}","templated":true}]}}