{"id":9045,"date":"2025-03-11T14:11:31","date_gmt":"2025-03-11T13:11:31","guid":{"rendered":"https:\/\/reseau.ccfd-terresolidaire.org\/loire-atlantique\/?p=9045"},"modified":"2025-03-11T14:18:43","modified_gmt":"2025-03-11T13:18:43","slug":"maroc-lagroecologie-pour-lutter-contre-la-secheresse","status":"publish","type":"post","link":"https:\/\/reseau.ccfd-terresolidaire.org\/loire-atlantique\/2025\/03\/11\/maroc-lagroecologie-pour-lutter-contre-la-secheresse\/","title":{"rendered":"Maroc : l\u2019agro\u00e9cologie pour lutter contre la s\u00e9cheresse"},"content":{"rendered":"\n<p style=\"font-size:24px\">Vous \u00eates invit\u00e9.es au <strong><span style=\"color:#ff671f\" class=\"has-inline-color\">Cin\u00e9-D\u00e9bat le Jeudi 27 mars \u00e0 18h30 \u00e0 l&rsquo;Espace Solidaire<\/span><\/strong> de Nantes (17 rue du Moulin &#8211; face au parking Decr\u00e9) en <strong><span style=\"color:#ff671f\" class=\"has-inline-color\">visio avec notre partenaire FNSA (F\u00e9d\u00e9ration Nationale du Secteur Agricole)  au Maroc<\/span><\/strong><\/p>\n\n\n\n<p>Photo copyright : Christophe Da Silva\/CCFD-Terre Solidaire<\/p>\n\n\n\n<p><strong>CONTEXTE DE L\u2019ACTION DE LA FNSA<\/strong><br>Fortement influenc\u00e9 par le Plan Maroc Vert (2008-2020) et le plan G\u00e9n\u00e9ration Green (2020-2030), le mod\u00e8le agricole marocain actuel favorise les propri\u00e9taires des grandes exploitations agricoles qui profitent notamment de subventions accord\u00e9es par l\u2019\u00c9tat dans un objectif de rendements orient\u00e9s g\u00e9n\u00e9ralement \u00e0 l\u2019export.<br>Tr\u00e8s critiqu\u00e9es, ces politiques agricoles encouragent les cultures d\u2019exportation, tr\u00e8s consommatrices en eau (pr\u00e8s de 90 % des volumes disponibles au Maroc sont capt\u00e9s par l\u2019agriculture) au d\u00e9triment de l\u2019autosuffisance. Les terres et les subventions vont principalement aux investisseurs et les cultures \u00e0 forte valeur ajout\u00e9e ainsi que l\u2019industrie agroalimentaire profitent d\u2019exon\u00e9rations fiscales. Avec la crise sanitaire du Covid-19, des p\u00e9riodes de s\u00e9cheresses importantes et la guerre en Ukraine, les prix ont fortement augment\u00e9.<br><strong>PR\u00c9SENTATION DU PARTENAIRE<\/strong><br>Rattach\u00e9e \u00e0 l\u2019Union marocaine du travail (UMT), la F\u00e9d\u00e9ration nationale du secteur agricole (FNSA) est un r\u00e9seau syndical marocain visant \u00e0 d\u00e9fendre la souverainet\u00e9 alimentaire et les droits des ouvriers et des ouvri\u00e8res agricoles et de paysans et paysannes. La FNSA d\u00e9nonce le syst\u00e8me agricole en vigueur actuellement au Maroc, qui favorise les grandes exploitations agricoles tourn\u00e9es vers l&rsquo;export. La FNSA s&rsquo;engage pour lutter et protester pour la justice sociale et la dignit\u00e9 des travailleurs et travailleuses agricoles et forestiers et des paysans et paysannes pauvres et pour participer \u00e0 la r\u00e9alisation de la souverainet\u00e9 alimentaire et \u00e0 l&rsquo;\u00e9dification d&rsquo;un monde rural prosp\u00e8re o\u00f9 les droits humains sont respect\u00e9s.<br><strong>Quelques missions de la FNSA :<\/strong><br>\uf0dc R\u00e9unions avec les diff\u00e9rents minist\u00e8res<br>\uf0dc Formation\/\u00e9cole p\u00e9pini\u00e8re de la FNSA (en ligne, tous les 15 jours)<br>\uf0dc Luttes : gr\u00e8ves, sittings, luttes locales<br>\uf0dc Rayonnement m\u00e9diatique : tr\u00e8s suivi par les responsables politiques, page Facebook.<br>Aujourd\u2019hui, la f\u00e9d\u00e9ration regroupe 17 syndicats dans le secteur de l\u2019agriculture, de l\u2019eau et des for\u00eats ainsi que des associations (organisations de femmes du secteur agricole, de jeunes, de retrait\u00e9.e.s\u2026). Il existe pr\u00e8s de 60 sections locales et 10 sections r\u00e9gionales, de Dakhla \u00e0 Oujda : c\u2019est le plus gros syndicat dans le secteur agricole. La FNSA ne dispose d\u2019aucun salari\u00e9 et vit avec les cotisations (100 dirhams par an la cotisation : 50% UMT, 25% section, 25% si\u00e8ge). Aujourd\u2019hui, la FNSA compte 6 000 adh\u00e9rents et adh\u00e9rentes.<\/p>\n\n\n\n<p><a href=\"https:\/\/reseau.ccfd-terresolidaire.org\/loire-atlantique\/wp-content\/uploads\/sites\/2\/2025\/03\/affichecinedebatMaroc.pdf\" target=\"_blank\" rel=\"noreferrer noopener\">t\u00e9l\u00e9charger l&rsquo;invitation<\/a><\/p>\n\n\n\n<p><a href=\"https:\/\/ccfd-terresolidaire.org\/maroc-lagroecologie-pour-lutter-contre-la-secheresse-jeudiphoto\/\" target=\"_blank\" rel=\"noreferrer noopener\">En savoir plus<\/a><\/p>\n","protected":false},"excerpt":{"rendered":"<p>Vous \u00eates invit\u00e9.es au Cin\u00e9-D\u00e9bat le Jeudi 27 mars \u00e0 18h30 \u00e0 l&rsquo;Espace Solidaire de Nantes (17 rue du Moulin &#8211; face au parking Decr\u00e9) en visio avec notre partenaire FNSA (F\u00e9d\u00e9ration Nationale du Secteur Agricole)  au Maroc<\/p>\n","protected":false},"author":4,"featured_media":9049,"comment_status":"closed","ping_status":"closed","sticky":false,"template":"","format":"standard","meta":[],"categories":[2],"tags":[],"_links":{"self":[{"href":"https:\/\/reseau.ccfd-terresolidaire.org\/loire-atlantique\/wp-json\/wp\/v2\/posts\/9045"}],"collection":[{"href":"https:\/\/reseau.ccfd-terresolidaire.org\/loire-atlantique\/wp-json\/wp\/v2\/posts"}],"about":[{"href":"https:\/\/reseau.ccfd-terresolidaire.org\/loire-atlantique\/wp-json\/wp\/v2\/types\/post"}],"author":[{"embeddable":true,"href":"https:\/\/reseau.ccfd-terresolidaire.org\/loire-atlantique\/wp-json\/wp\/v2\/users\/4"}],"replies":[{"embeddable":true,"href":"https:\/\/reseau.ccfd-terresolidaire.org\/loire-atlantique\/wp-json\/wp\/v2\/comments?post=9045"}],"version-history":[{"count":2,"href":"https:\/\/reseau.ccfd-terresolidaire.org\/loire-atlantique\/wp-json\/wp\/v2\/posts\/9045\/revisions"}],"predecessor-version":[{"id":9059,"href":"https:\/\/reseau.ccfd-terresolidaire.org\/loire-atlantique\/wp-json\/wp\/v2\/posts\/9045\/revisions\/9059"}],"wp:featuredmedia":[{"embeddable":true,"href":"https:\/\/reseau.ccfd-terresolidaire.org\/loire-atlantique\/wp-json\/wp\/v2\/media\/9049"}],"wp:attachment":[{"href":"https:\/\/reseau.ccfd-terresolidaire.org\/loire-atlantique\/wp-json\/wp\/v2\/media?parent=9045"}],"wp:term":[{"taxonomy":"category","embeddable":true,"href":"https:\/\/reseau.ccfd-terresolidaire.org\/loire-atlantique\/wp-json\/wp\/v2\/categories?post=9045"},{"taxonomy":"post_tag","embeddable":true,"href":"https:\/\/reseau.ccfd-terresolidaire.org\/loire-atlantique\/wp-json\/wp\/v2\/tags?post=9045"}],"curies":[{"name":"wp","href":"https:\/\/api.w.org\/{rel}","templated":true}]}}