{"id":9145,"date":"2025-04-09T11:43:31","date_gmt":"2025-04-09T09:43:31","guid":{"rendered":"https:\/\/reseau.ccfd-terresolidaire.org\/loire-atlantique\/?p=9145"},"modified":"2025-05-07T17:13:09","modified_gmt":"2025-05-07T15:13:09","slug":"vide-dressing","status":"publish","type":"post","link":"https:\/\/reseau.ccfd-terresolidaire.org\/loire-atlantique\/2025\/04\/09\/vide-dressing\/","title":{"rendered":"Vide dressing"},"content":{"rendered":"\n<p class=\"has-normal-font-size\">Dans le cadre de la quinzaine du Commerce \u00c9quitable&nbsp;nous organisons un <strong><span style=\"color:#ff671f\" class=\"has-inline-color\">vide dressing \u00e0 l\u2019Espace Solidaire, 17 rue du Moulin \u00e0 Nantes (face au parking Decr\u00e9) le&nbsp;samedi 24 mai de 10h \u00e0 17h.<\/span><\/strong><br>A cette occasion, nous vous sollicitons pour des dons de v\u00eatements d\u2019occasion. Ils seront vendus \u00e0 petits prix au&nbsp;b\u00e9n\u00e9fice du CCFD-Terre Solidaire. Cet \u00e9v\u00e8nement permettra de sensibiliser aux effets&nbsp;d\u00e9l\u00e9t\u00e8res de l\u2019industrie Textile&nbsp;jetable et de la mode \u00e9ph\u00e9m\u00e8re (Fast Fashion) en se faisant plaisir.<br>Nous collectons exclusivement des v\u00eatements&nbsp;: Hommes\/Femmes\/enfants (y compris b\u00e9b\u00e9) en tr\u00e8s bon \u00e9tat et&nbsp;propres. (Pas d\u2019accessoire, de sous-v\u00eatements ni de chaussures). Merci de trier les v\u00eatements d\u2019enfant et b\u00e9b\u00e9 par&nbsp;\u00e2ge.<\/p>\n\n\n\n<p style=\"font-size:30px\"><strong><span style=\"color:#ff671f\" class=\"has-inline-color\">Dites non \u00e0 la mode \u00e9ph\u00e9m\u00e8re en vous faisant plaisir<\/span><\/strong><\/p>\n\n\n\n<p>Merci de relayer ce message aupr\u00e8s de vos\u00a0r\u00e9seaux et de stocker si possible votre collecte localement, pour <strong><span style=\"color:#ff671f\" class=\"has-inline-color\">un d\u00e9p\u00f4t\u00a0\u00e0 l\u2019espace solidaire du 15 au 21 mai. Les mercredis, jeudi, vendredi de 14h a\u00a017h30. Le d\u00e9p\u00f4t en voiture pourra se faire les mercredi 15 et\u00a0 21 mai \u00e0 partir de 10h et jusqu\u2019\u00e0 11h30<\/span><\/strong> (ensuite l\u2019acc\u00e8s voiture n\u2019est plus possible dans les rues pi\u00e9tonnes).<br><em><strong>Pour le vendredi 23 mai, nous avons besoin de b\u00e9n\u00e9voles pour nous aider \u00e0 trier et \u00e0 ranger les v\u00eatements.<\/strong><\/em><br><em><strong>Pour le vendredi 24 mai, nous avons aussi besoin de b\u00e9n\u00e9voles pour la vente des v\u00eatements.<\/strong><\/em><br><em>Pour le b\u00e9n\u00e9volat, merci de vous inscrire\u00a0<\/em><a rel=\"noreferrer noopener\" href=\"https:\/\/framadate.org\/4CoYHvF4ISqKWIJZaaPXuG1T\/admin\" target=\"_blank\">https:\/\/framadate.org\/4CoYHvF4ISqKWIJZaaPXuG1T\/admin<\/a><em>ou de vous signaler \u00e0 Annie Foucaud (<a rel=\"noreferrer noopener\" href=\"mailto:jl-foucaud@club.fr\" target=\"_blank\">jl-foucaud@club.fr<\/a>) en indiquant vos cr\u00e9neaux horaires de disponibilit\u00e9.<\/em><br>En vous remerciant.<\/p>\n\n\n\n<p><strong>Venez nombreux le samedi 24 mai vous habiller pour l&rsquo;\u00e9t\u00e9 \u00e0 petits prix.<\/strong><\/p>\n\n\n\n<p><a href=\"https:\/\/reseau.ccfd-terresolidaire.org\/loire-atlantique\/wp-content\/uploads\/sites\/2\/2025\/05\/videdressinA4_2025.pdf\" target=\"_blank\" rel=\"noreferrer noopener\">T\u00e9l\u00e9charger l&rsquo;invitation<\/a><\/p>\n","protected":false},"excerpt":{"rendered":"<p>Vide dressing le 24 mai \u00e0 l&rsquo;Espace solidaire de Nantes.<\/p>\n","protected":false},"author":4,"featured_media":9249,"comment_status":"closed","ping_status":"closed","sticky":false,"template":"","format":"standard","meta":[],"categories":[14],"tags":[],"_links":{"self":[{"href":"https:\/\/reseau.ccfd-terresolidaire.org\/loire-atlantique\/wp-json\/wp\/v2\/posts\/9145"}],"collection":[{"href":"https:\/\/reseau.ccfd-terresolidaire.org\/loire-atlantique\/wp-json\/wp\/v2\/posts"}],"about":[{"href":"https:\/\/reseau.ccfd-terresolidaire.org\/loire-atlantique\/wp-json\/wp\/v2\/types\/post"}],"author":[{"embeddable":true,"href":"https:\/\/reseau.ccfd-terresolidaire.org\/loire-atlantique\/wp-json\/wp\/v2\/users\/4"}],"replies":[{"embeddable":true,"href":"https:\/\/reseau.ccfd-terresolidaire.org\/loire-atlantique\/wp-json\/wp\/v2\/comments?post=9145"}],"version-history":[{"count":3,"href":"https:\/\/reseau.ccfd-terresolidaire.org\/loire-atlantique\/wp-json\/wp\/v2\/posts\/9145\/revisions"}],"predecessor-version":[{"id":9257,"href":"https:\/\/reseau.ccfd-terresolidaire.org\/loire-atlantique\/wp-json\/wp\/v2\/posts\/9145\/revisions\/9257"}],"wp:featuredmedia":[{"embeddable":true,"href":"https:\/\/reseau.ccfd-terresolidaire.org\/loire-atlantique\/wp-json\/wp\/v2\/media\/9249"}],"wp:attachment":[{"href":"https:\/\/reseau.ccfd-terresolidaire.org\/loire-atlantique\/wp-json\/wp\/v2\/media?parent=9145"}],"wp:term":[{"taxonomy":"category","embeddable":true,"href":"https:\/\/reseau.ccfd-terresolidaire.org\/loire-atlantique\/wp-json\/wp\/v2\/categories?post=9145"},{"taxonomy":"post_tag","embeddable":true,"href":"https:\/\/reseau.ccfd-terresolidaire.org\/loire-atlantique\/wp-json\/wp\/v2\/tags?post=9145"}],"curies":[{"name":"wp","href":"https:\/\/api.w.org\/{rel}","templated":true}]}}