{"id":9259,"date":"2025-05-07T18:47:25","date_gmt":"2025-05-07T16:47:25","guid":{"rendered":"https:\/\/reseau.ccfd-terresolidaire.org\/loire-atlantique\/?p=9259"},"modified":"2025-05-07T18:47:27","modified_gmt":"2025-05-07T16:47:27","slug":"terres-souillees-corps-blesses","status":"publish","type":"post","link":"https:\/\/reseau.ccfd-terresolidaire.org\/loire-atlantique\/2025\/05\/07\/terres-souillees-corps-blesses\/","title":{"rendered":"TERRES SOUILL\u00c9ES, CORPS BLESS\u00c9S"},"content":{"rendered":"\n<p style=\"font-size:25px\"><span style=\"color:#ff671f\" class=\"has-inline-color\">L\u2019impact des mines en pays andins<br><strong>Exposition photos<\/strong><\/span><br><strong>Plus de 60 photos grand format <\/strong>de Alessandro CINQUE, laur\u00e9at du prix photo Terre Solidaire Humaniste et Environnementale.<\/p>\n\n\n\n<p><span style=\"color:#ff671f\" class=\"has-inline-color\"><strong>Espace Cosmopolis, 18 rue Scribe Nantes du 5 juin au 13 juillet 2025 <\/strong>(<\/span>ouvert du lundi au vendredi de 13h30 \u00e0 18h et le week-end de 14h \u00e0 18h)<\/p>\n\n\n\n<p>Plongez dans la r\u00e9alit\u00e9 culturelle de l\u2019Am\u00e9rique Latine, le th\u00e9\u00e2tre engag\u00e9, une mise en relief de l\u2019exposition d\u2019Alessandro Cinque. Venez participer aux jeux, les samedi apr\u00e8s-midi pour aborder les enjeux de l\u2019extractivisme. Parcourez les photographies avec des m\u00e9diateur<sup>.<\/sup>rices. C\u2019est toute l\u2019ambition du CCFD-Terre Solidaire avec l\u2019Espace Cosmopolis qui, par cette proposition culturelle, ouvre une fen\u00eatre sur le monde et ses enjeux.<\/p>\n\n\n\n<p style=\"font-size:22px\"><strong><span style=\"color:#ff671f\" class=\"has-inline-color\">Exposition\/rencontres\/d\u00e9bats\/spectacles<\/span><\/strong><\/p>\n\n\n\n<p><strong><u>Cycle de Conf\u00e9rences:<\/u><\/strong> <strong><span style=\"color:#ff671f\" class=\"has-inline-color\">Tous les jeudis \u2013 Conf\u00e9rences : 19h <\/span>\u2013<\/strong><br><strong>Visite guid\u00e9e de l\u2019exposition en amont : 18h<\/strong><\/p>\n\n\n\n<p><strong><u>Jeudi 5 juin<\/u><\/strong>\u00a0&#8211; <strong>18h\u00a0: <\/strong><span style=\"color:#ff671f\" class=\"has-inline-color\"><strong>VERNISSAGE<\/strong> <\/span><br><strong>\u00ab\u00a0La photographie, instrument de transformation sociale\u00a0\u00bb<\/strong> avec l\u2019\u00e9quipe du Prix photo CCFD-Terre Solidaire.<br>Pr\u00e9sentation de l\u2019investigation photographique d\u2019Alessandro Cinque dans les pays andins. Ouverture en musique avec l\u2019atelier musique latine du CRR de Nantes<\/p>\n\n\n\n<p><strong><u>Jeudi 12 juin<\/u><\/strong> &#8211; <strong>19h : <span style=\"color:#ff671f\" class=\"has-inline-color\">dans le monde<\/span><\/strong><br>Barbarie num\u00e9rique : Une autre histoire du monde connect\u00e9<br>Conf\u00e9rence avec Fabien Lebrun, sociologue, universit\u00e9 de Nantes<br>Une enqu\u00eate implacable sur la trag\u00e9die que vit le Congo, c\u0153ur des industries num\u00e9riques et objet de toutes les convoitises. \u00c0 partir des ann\u00e9es 1990, l&rsquo;explosion de la production de biens \u00e9lectroniques d\u00e9clenche une guerre des m\u00e9taux technologiques au Congo (RDC) qui n&rsquo;a fait que gagner en intensit\u00e9. Trente ans de num\u00e9rique dans le monde, c\u2019est trente ans de morts congolais et de terres mortes au Congo sur lesquels repose le d\u00e9veloppement technologique.<\/p>\n\n\n\n<p><strong><u>Jeudi 19 juin \u2013 19h\u00a0: <\/u><span style=\"color:#ff671f\" class=\"has-inline-color\">dans le monde<\/span><\/strong><br><strong>Abus des multinationales, on a tous le pouvoir de dire non\u00a0\u00bb &#8211;<\/strong><br><strong>Conf\u00e9rence avec Sophia Dagna, responsable au CCFD-Terre Solidaire de la campagne extractivisme (en visio)<\/strong><br>Gr\u00e2ce aux luttes men\u00e9es par la soci\u00e9t\u00e9 civile, des victoires importantes ont \u00e9t\u00e9 obtenues, comme la loi sur le devoir de vigilance au niveau fran\u00e7ais et europ\u00e9en. Mais trop peu de multinationale sont encore tenues responsables de leurs actes.<br><strong><u>Jeudi 26 juin \u2013 19\u00a0:<\/u><\/strong>\u00a0<strong><span style=\"color:#ff671f\" class=\"has-inline-color\">agir ici<\/span><\/strong><br><strong>Agir ici contre l&rsquo;extractivisme l\u00e0-bas<\/strong>.<br><strong>Conf\u00e9rence avec Sophie Jallier. Membre d&rsquo;Alternatiba et du collectif StopTotal.<\/strong><br>Faudrait-il vivre sur place, pour s&rsquo;opposer aux projets extractivistes? Rien n&rsquo;est moins s\u00fbr! Comment des luttes se gagnent, par coop\u00e9ration de diff\u00e9rents acteurs, ici et l\u00e0-bas, et quels r\u00f4les je peux jouer dans tout \u00e7a. Comprendre qui m\u00e8ne le jeu de l&rsquo;extraction pour trouver des strat\u00e9gies efficaces.<\/p>\n\n\n\n<p><strong><u>Jeudi 3 juillet \u2013 19h \u00a0<\/u><\/strong>:\u00a0<strong><span style=\"color:#ff671f\" class=\"has-inline-color\">Ici, dans le d\u00e9partement<\/span><\/strong><br><strong>L&rsquo;extractivisme ordinaire, quand l&rsquo;extractivisme fait carri\u00e8re, mine de rien<\/strong>.<br><strong>Conf\u00e9rence avec Annie Le Poulen et Jean-Luc Vrignon<\/strong><br>Des associations agissent ici en collectif (La t\u00eate dans le sable, le cri du bocage, la Camil et le Grand Auvern\u00e9 Environnement ) pour sensibiliser sur ce qui se passe dans le d\u00e9partement et comment on peut agir ici et ailleurs.<\/p>\n\n\n\n<p><strong><u>Spectacles et rencontres<\/u><\/strong><br><strong>Mardi 10 juin &#8211; 19h \u00a0&#8211; <span style=\"color:#ff671f\" class=\"has-inline-color\">Marionnettes du Guatemala<\/span><\/strong><br><strong><em>\u00a0\u00bb L\u2019arbre g\u00e9n\u00e9reux \u00ab\u00a0<\/em>\u00a0(<em>el arbol generoso<\/em>), un spectacle <\/strong>adapt\u00e9 du livre pour enfants illustr\u00e9 de Shel Silverstein par le collectif de marionnettistes La Moltera, de Guat\u00e9mala ciudad.<br>\u00ab\u00a0Soliluna\u00a0\u00bb par Armadillo, une petite histoire sur la cr\u00e9ation du monde racont\u00e9e par deux astres joueurs.<br>Suivies par un \u00e9change avec le public.<br><strong>Entr\u00e9e\u00a0: 5 euros.<\/strong> &#8211; En partenariat avec Armadillo et les \u00a0\u00bb Marionantes\u00a0\u00bb<br><br><strong>Mardi 17 juin &#8211; 19h\u00a0: <span style=\"color:#ff671f\" class=\"has-inline-color\">Th\u00e9\u00e2tre engag\u00e9<\/span><\/strong><br><strong><em>Requiem pour un smartphone<\/em> de la compagnie <em>Bulles de Zinc<\/em>!<\/strong>\u00c9crit, mis en sc\u00e8ne et jou\u00e9 par Emmanuel LAMBERT, ce spectacle offre un regard critique sur l\u2019extractivisme \u00e0 travers trois r\u00e9cits de vie au sein d&rsquo;une mine de coltan de la r\u00e9gion du Kivu\u00a0en R\u00e9publique D\u00e9mocratique du Congo. Cette \u0153uvre po\u00e9tique et brutale nous invite \u00e0 nous questionner sur la cons\u00e9quence de la sur-num\u00e9risation de nos soci\u00e9t\u00e9s.\u00a0<br>Participation libre<\/p>\n\n\n\n<p><strong><u>Jeudi 10 juillet<\/u><\/strong> <strong>\u2013 19h : <span style=\"color:#ff671f\" class=\"has-inline-color\">Cl\u00f4ture<\/span><\/strong><br>Prise de parole<br>Spectacle par Armadillo \u2013 Compagnie de th\u00e9\u00e2tre franco-guat\u00e9malt\u00e8que (15mn)<br>Verre de l\u2019amiti\u00e9<\/p>\n\n\n\n<p><strong><u>Animations les samedis apr\u00e8s-midi<\/u><\/strong> : <strong><span style=\"color:#ff671f\" class=\"has-inline-color\">7 juin, 21 et 28 juin de 14h \u00e0 16h<\/span><\/strong><br>Jeux autour de la question de l\u2019extractivisme et de la solidarit\u00e9 internationale<\/p>\n\n\n\n<p><strong><u>Accueil de groupes \u00a0scolaires\u00a0: sur rendez-vous<\/u><\/strong><br><strong>A la crois\u00e9e des programmes scolaires (Histoire G\u00e9ographie, \u00c9ducation Morale et Civique, Sciences, Fran\u00e7ais, Langues Vivantes,\u2026), <\/strong>autour d\u2019une r\u00e9flexion sur les imp\u00e9ratifs pos\u00e9s par un monde en changement (effets de l\u2019activit\u00e9 humaine sur l\u2019environnement, impact sur la vie des femmes et des hommes,\u2026).<br>Visite \u2013 m\u00e9diation culturelle \u2013 animations avec des b\u00e9n\u00e9voles du CCFD-Terre Solidaire<br><strong>Demandez un accueil de groupe en pr\u00e9cisant dates et heures et en envoyant un mail \u00e0 : ccfd44@ccfd-terresolidaire.org<\/strong><\/p>\n\n\n\n<p><a href=\"https:\/\/reseau.ccfd-terresolidaire.org\/loire-atlantique\/wp-content\/uploads\/sites\/2\/2025\/05\/flyerNantes2025comp.pdf\" target=\"_blank\" rel=\"noreferrer noopener\">T\u00e9l\u00e9charger le programme complet<\/a><\/p>\n","protected":false},"excerpt":{"rendered":"<p>Terres Souill\u00e9es, corps bless\u00e9s.<br \/>\nL&rsquo;impact des mines dans les pays andins<br \/>\nExposition\/rencontres\/d\u00e9bats\/spectacles<\/p>\n","protected":false},"author":4,"featured_media":9261,"comment_status":"closed","ping_status":"closed","sticky":false,"template":"","format":"standard","meta":[],"categories":[1],"tags":[],"_links":{"self":[{"href":"https:\/\/reseau.ccfd-terresolidaire.org\/loire-atlantique\/wp-json\/wp\/v2\/posts\/9259"}],"collection":[{"href":"https:\/\/reseau.ccfd-terresolidaire.org\/loire-atlantique\/wp-json\/wp\/v2\/posts"}],"about":[{"href":"https:\/\/reseau.ccfd-terresolidaire.org\/loire-atlantique\/wp-json\/wp\/v2\/types\/post"}],"author":[{"embeddable":true,"href":"https:\/\/reseau.ccfd-terresolidaire.org\/loire-atlantique\/wp-json\/wp\/v2\/users\/4"}],"replies":[{"embeddable":true,"href":"https:\/\/reseau.ccfd-terresolidaire.org\/loire-atlantique\/wp-json\/wp\/v2\/comments?post=9259"}],"version-history":[{"count":1,"href":"https:\/\/reseau.ccfd-terresolidaire.org\/loire-atlantique\/wp-json\/wp\/v2\/posts\/9259\/revisions"}],"predecessor-version":[{"id":9265,"href":"https:\/\/reseau.ccfd-terresolidaire.org\/loire-atlantique\/wp-json\/wp\/v2\/posts\/9259\/revisions\/9265"}],"wp:featuredmedia":[{"embeddable":true,"href":"https:\/\/reseau.ccfd-terresolidaire.org\/loire-atlantique\/wp-json\/wp\/v2\/media\/9261"}],"wp:attachment":[{"href":"https:\/\/reseau.ccfd-terresolidaire.org\/loire-atlantique\/wp-json\/wp\/v2\/media?parent=9259"}],"wp:term":[{"taxonomy":"category","embeddable":true,"href":"https:\/\/reseau.ccfd-terresolidaire.org\/loire-atlantique\/wp-json\/wp\/v2\/categories?post=9259"},{"taxonomy":"post_tag","embeddable":true,"href":"https:\/\/reseau.ccfd-terresolidaire.org\/loire-atlantique\/wp-json\/wp\/v2\/tags?post=9259"}],"curies":[{"name":"wp","href":"https:\/\/api.w.org\/{rel}","templated":true}]}}