{"id":9303,"date":"2025-05-28T11:32:56","date_gmt":"2025-05-28T09:32:56","guid":{"rendered":"https:\/\/reseau.ccfd-terresolidaire.org\/loire-atlantique\/?p=9303"},"modified":"2025-05-28T11:32:58","modified_gmt":"2025-05-28T09:32:58","slug":"loi-duplomb-stop-a-une-loi-toxique-pour-lagriculture","status":"publish","type":"post","link":"https:\/\/reseau.ccfd-terresolidaire.org\/loire-atlantique\/2025\/05\/28\/loi-duplomb-stop-a-une-loi-toxique-pour-lagriculture\/","title":{"rendered":"Loi Duplomb : stop \u00e0 une loi toxique pour l\u2019agriculture"},"content":{"rendered":"\n<p>La proposition de <strong>loi Duplomb<\/strong>, du nom du s\u00e9nateur qui l\u2019a d\u00e9pos\u00e9e, sera examin\u00e9e par l\u2019Assembl\u00e9e nationale \u00e0 partir du <strong>26 mai 2025<\/strong>. Une bien mauvaise nouvelle pour notre <strong>sant\u00e9<\/strong>, la <strong>biodiversit\u00e9 <\/strong>et l\u2019<strong>avenir des agriculteurs<\/strong>. Mais tout n\u2019est pas perdu et une mobilisation s\u2019organise. Vous pouvez vous aussi y participer.&nbsp;<\/p>\n\n\n\n<p><a href=\"https:\/\/shaketonpolitique.org\/interpellations\/loi-duplomd\/\" target=\"_blank\" rel=\"noreferrer noopener\">J\u2019interpelle mon d\u00e9put\u00e9<\/a><\/p>\n\n\n\n<h2>Un texte nocif qui rate sa cible&nbsp;<\/h2>\n\n\n\n<p>Pass\u00e9e d\u2019abord par le S\u00e9nat qui l\u2019a approuv\u00e9e en f\u00e9vrier dernier, la proposition de loi \u00ab\u00a0<em>Lever les contraintes \u00e0 l\u2019exercice du m\u00e9tier d\u2019agriculteur<\/em>\u201d poursuit son chemin, cette fois-ci \u00e0 l\u2019Assembl\u00e9e nationale o\u00f9 elle sera d\u00e9battue en s\u00e9ance publique \u00e0 partir du lundi 26 mai.\u00a0<\/p>\n\n\n\n<p><a href=\"https:\/\/ccfd-terresolidaire.org\/loi-duplomb-stop-a-une-loi-toxique-pour-lagriculture\/\" target=\"_blank\" rel=\"noreferrer noopener\">En savoir plus<\/a><\/p>\n","protected":false},"excerpt":{"rendered":"<p>La proposition de loi Duplomb, du nom du s\u00e9nateur qui l\u2019a d\u00e9pos\u00e9e, sera examin\u00e9e par l\u2019Assembl\u00e9e nationale \u00e0 partir du 26 mai 2025. Une bien mauvaise nouvelle pour notre sant\u00e9, la biodiversit\u00e9 et l\u2019avenir des agriculteurs. Mais tout n\u2019est pas perdu et une mobilisation s\u2019organise. Vous pouvez vous aussi y participer.&nbsp; J\u2019interpelle mon d\u00e9put\u00e9 Un&#8230;<\/p>\n","protected":false},"author":4,"featured_media":9305,"comment_status":"closed","ping_status":"closed","sticky":false,"template":"","format":"standard","meta":[],"categories":[14],"tags":[],"_links":{"self":[{"href":"https:\/\/reseau.ccfd-terresolidaire.org\/loire-atlantique\/wp-json\/wp\/v2\/posts\/9303"}],"collection":[{"href":"https:\/\/reseau.ccfd-terresolidaire.org\/loire-atlantique\/wp-json\/wp\/v2\/posts"}],"about":[{"href":"https:\/\/reseau.ccfd-terresolidaire.org\/loire-atlantique\/wp-json\/wp\/v2\/types\/post"}],"author":[{"embeddable":true,"href":"https:\/\/reseau.ccfd-terresolidaire.org\/loire-atlantique\/wp-json\/wp\/v2\/users\/4"}],"replies":[{"embeddable":true,"href":"https:\/\/reseau.ccfd-terresolidaire.org\/loire-atlantique\/wp-json\/wp\/v2\/comments?post=9303"}],"version-history":[{"count":1,"href":"https:\/\/reseau.ccfd-terresolidaire.org\/loire-atlantique\/wp-json\/wp\/v2\/posts\/9303\/revisions"}],"predecessor-version":[{"id":9307,"href":"https:\/\/reseau.ccfd-terresolidaire.org\/loire-atlantique\/wp-json\/wp\/v2\/posts\/9303\/revisions\/9307"}],"wp:featuredmedia":[{"embeddable":true,"href":"https:\/\/reseau.ccfd-terresolidaire.org\/loire-atlantique\/wp-json\/wp\/v2\/media\/9305"}],"wp:attachment":[{"href":"https:\/\/reseau.ccfd-terresolidaire.org\/loire-atlantique\/wp-json\/wp\/v2\/media?parent=9303"}],"wp:term":[{"taxonomy":"category","embeddable":true,"href":"https:\/\/reseau.ccfd-terresolidaire.org\/loire-atlantique\/wp-json\/wp\/v2\/categories?post=9303"},{"taxonomy":"post_tag","embeddable":true,"href":"https:\/\/reseau.ccfd-terresolidaire.org\/loire-atlantique\/wp-json\/wp\/v2\/tags?post=9303"}],"curies":[{"name":"wp","href":"https:\/\/api.w.org\/{rel}","templated":true}]}}