{"id":9309,"date":"2025-05-28T11:46:58","date_gmt":"2025-05-28T09:46:58","guid":{"rendered":"https:\/\/reseau.ccfd-terresolidaire.org\/loire-atlantique\/?p=9309"},"modified":"2025-05-28T11:47:01","modified_gmt":"2025-05-28T09:47:01","slug":"une-nouvelle-expo-sur-lextractivisme","status":"publish","type":"post","link":"https:\/\/reseau.ccfd-terresolidaire.org\/loire-atlantique\/2025\/05\/28\/une-nouvelle-expo-sur-lextractivisme\/","title":{"rendered":"Une nouvelle Expo sur l&rsquo;extractivisme"},"content":{"rendered":"\n<p>Cr\u00e9dit Photo : \u00a9 Gwenn Dubourthoumieu \/CCFD-Terre Solidaire<\/p>\n\n\n\n<p><strong>De magnifiques photos au Br\u00e9sil, Madagascar, Mexique, Indon\u00e9sie, R\u00e9publique\u00a0 D\u00e9mocratique du Congo, Afrique du Sud pour d\u00e9noncer l&rsquo;extractivisme. <\/strong>Souvent associ\u00e9e \u00e0 l\u2019exploitation des minerais et des combustibles fossiles, l&rsquo;extractivisme englobe \u00e9galement l\u2019exploitation des for\u00eats, des sols pour les monocultures, de l\u2019eau pour les m\u00e9gabarrages hydro\u00e9lectriques, ainsi que des ressources agricoles et halieutiques. \u2b07<\/p>\n\n\n\n<p>Ce mod\u00e8le \u00e9conomique, domin\u00e9 par des multinationales du Nord, exploite les ressources naturelles des pays du Sud au prix de graves atteintes aux droits humains et \u00e0 l\u2019environnement. Les populations locales, souvent exclues des d\u00e9cisions qui impactent leur avenir, voient leurs droits bafou\u00e9s.<\/p>\n\n\n\n<p>&nbsp;En th\u00e9orie, oui. \u200b<\/p>\n\n\n\n<p>En pratique, <strong>l\u2019extractivisme s\u2019impose souvent par la force<\/strong>.\u200b<\/p>\n\n\n\n<p>Malgr\u00e9 des droits reconnus internationalement, les populations locales (notamment les peuples autochtones) sont fr\u00e9quemment expuls\u00e9es sans consultation, ou leurs refus sont tout simplement ignor\u00e9s.\u200b<\/p>\n\n\n\n<p>84 % des Fran\u00e7ais consid\u00e8rent que l\u2019absence de consentement est un probl\u00e8me majeur de cette industrie, selon l\u2019\u00e9tude men\u00e9e par le <a href=\"https:\/\/ccfd-terresolidaire.org\/?utm_source=infographie_extractivisme&amp;utm_medium=QQF&amp;utm_campaign=2025\" target=\"_blank\" rel=\"noreferrer noopener\">CCFD-Terre Solidaire<\/a> et Viavoice (2024)\u200b.<\/p>\n\n\n\n<p><strong>Pourtant, elles ont le droit de dire NON !<\/strong><\/p>\n\n\n\n<p>Gr\u00e2ce aux luttes men\u00e9es par la soci\u00e9t\u00e9 civile, des victoires importantes ont \u00e9t\u00e9 obtenues, comme la loi sur le devoir de vigilance au niveau fran\u00e7ais et europ\u00e9en. Mais trop peu de multinationales sont encore tenues responsables de leurs actes.<\/p>\n\n\n\n<p>Vous serez les bienvenu.es \u00e0 l&rsquo;Espace Solidaire, 17 rue du Moulin \u00e0 Nantes (face au parking Decr\u00e9).<br>ouvert le mercredi de 11h \u00e0 17h30 et jeudi, vendredi de 14h \u00e0 18h.<\/p>\n","protected":false},"excerpt":{"rendered":"<p>Une nouvelle expo sur l&rsquo;Extractivisme (exploitations des for\u00eats, des sols, de l&rsquo;eau, des ressources agricoles et halieutiques<\/p>\n","protected":false},"author":4,"featured_media":9311,"comment_status":"closed","ping_status":"closed","sticky":false,"template":"","format":"standard","meta":[],"categories":[2],"tags":[],"_links":{"self":[{"href":"https:\/\/reseau.ccfd-terresolidaire.org\/loire-atlantique\/wp-json\/wp\/v2\/posts\/9309"}],"collection":[{"href":"https:\/\/reseau.ccfd-terresolidaire.org\/loire-atlantique\/wp-json\/wp\/v2\/posts"}],"about":[{"href":"https:\/\/reseau.ccfd-terresolidaire.org\/loire-atlantique\/wp-json\/wp\/v2\/types\/post"}],"author":[{"embeddable":true,"href":"https:\/\/reseau.ccfd-terresolidaire.org\/loire-atlantique\/wp-json\/wp\/v2\/users\/4"}],"replies":[{"embeddable":true,"href":"https:\/\/reseau.ccfd-terresolidaire.org\/loire-atlantique\/wp-json\/wp\/v2\/comments?post=9309"}],"version-history":[{"count":1,"href":"https:\/\/reseau.ccfd-terresolidaire.org\/loire-atlantique\/wp-json\/wp\/v2\/posts\/9309\/revisions"}],"predecessor-version":[{"id":9315,"href":"https:\/\/reseau.ccfd-terresolidaire.org\/loire-atlantique\/wp-json\/wp\/v2\/posts\/9309\/revisions\/9315"}],"wp:featuredmedia":[{"embeddable":true,"href":"https:\/\/reseau.ccfd-terresolidaire.org\/loire-atlantique\/wp-json\/wp\/v2\/media\/9311"}],"wp:attachment":[{"href":"https:\/\/reseau.ccfd-terresolidaire.org\/loire-atlantique\/wp-json\/wp\/v2\/media?parent=9309"}],"wp:term":[{"taxonomy":"category","embeddable":true,"href":"https:\/\/reseau.ccfd-terresolidaire.org\/loire-atlantique\/wp-json\/wp\/v2\/categories?post=9309"},{"taxonomy":"post_tag","embeddable":true,"href":"https:\/\/reseau.ccfd-terresolidaire.org\/loire-atlantique\/wp-json\/wp\/v2\/tags?post=9309"}],"curies":[{"name":"wp","href":"https:\/\/api.w.org\/{rel}","templated":true}]}}