{"id":9441,"date":"2025-09-10T15:34:45","date_gmt":"2025-09-10T13:34:45","guid":{"rendered":"https:\/\/reseau.ccfd-terresolidaire.org\/loire-atlantique\/?p=9441"},"modified":"2025-09-10T15:34:46","modified_gmt":"2025-09-10T13:34:46","slug":"levangile-de-la-revolution","status":"publish","type":"post","link":"https:\/\/reseau.ccfd-terresolidaire.org\/loire-atlantique\/2025\/09\/10\/levangile-de-la-revolution\/","title":{"rendered":"L&rsquo;\u00e9vangile de la r\u00e9volution"},"content":{"rendered":"\n<p>Le CCFD-Terre Solidaire a soutenu un &nbsp;film documentaire \u00ab&nbsp;<a href=\"https:\/\/www.allocine.fr\/film\/fichefilm_gen_cfilm=1000016302.html\">L\u2019Evangile de la r\u00e9volution<\/a>&nbsp;\u00bb qui est sorti en salle la semaine derni\u00e8re. Ce film retrace l\u2019histoire de la th\u00e9ologie de la Lib\u00e9ration en faisant \u00e9tape au Salvador, au Br\u00e9sil, au Nicaragua et au Mexique. On y retrouve plusieurs figures connues du CCFD-Terre Solidaire&nbsp;: Monseigneur Romero, Samuel Ruiz, Helder Camara, Fray Beto, les communaut\u00e9s eccl\u00e9siales de base, les zapatistes, le Mouvement des Sans Terre au Br\u00e9sil\u2026 C\u2019est un film tr\u00e8s int\u00e9ressant qui aborde l\u2019\u00e9mergence de cette th\u00e9ologie, l\u2019histoire des luttes pour la terre dans ces pays et les r\u00e9sistances pass\u00e9es et actuelles. Les critiques sont enthousiastes.<\/p>\n\n\n\n<p>Le film est programm\u00e9 au cin\u00e9ma Le Concorde :<br><strong>Jeudi 11 septembre 18h30, vendredi 12 \u00e0 16h, dimanche 14 \u00e0 14h, lundi 15 \u00e0 18h30, mardi 16 \u00e0 16h.<\/strong><\/p>\n\n\n\n<p>N&rsquo;h\u00e9sitez pas \u00e0 aller le voir&#8230;<\/p>\n\n\n\n<p><strong>Synopsis<\/strong> : Le souffle r\u00e9volutionnaire qu\u2019a connu l\u2019Am\u00e9rique latine au XX si\u00e8cle doit beaucoup \u00e0 la participation de millions de chr\u00e9tiens, engag\u00e9s dans les luttes politiques au nom de leur foi. Port\u00e9s par la th\u00e9ologie de la lib\u00e9ration, ils ont d\u00e9fi\u00e9 les r\u00e9gimes militaires et les oligarchies au p\u00e9ril de leur vie. \u00c0 rebours de l\u2019id\u00e9e de la religion comme opium du peuple, le film part \u00e0 la rencontre d\u2019hommes et de femmes qui ont cru voir dans la r\u00e9volution l\u2019av\u00e8nement du Royaume de Dieu, sur la terre plut\u00f4t qu\u2019au ciel.<\/p>\n\n\n\n<p>N&rsquo;h\u00e9sitez pas \u00e0 aller le voir.<\/p>\n","protected":false},"excerpt":{"rendered":"<p>L&rsquo;\u00e9vangile de la r\u00e9volution, un film documentaire soutenu par le CCFD-Terre Solidaire<\/p>\n","protected":false},"author":4,"featured_media":9443,"comment_status":"closed","ping_status":"closed","sticky":false,"template":"","format":"standard","meta":[],"categories":[14],"tags":[],"_links":{"self":[{"href":"https:\/\/reseau.ccfd-terresolidaire.org\/loire-atlantique\/wp-json\/wp\/v2\/posts\/9441"}],"collection":[{"href":"https:\/\/reseau.ccfd-terresolidaire.org\/loire-atlantique\/wp-json\/wp\/v2\/posts"}],"about":[{"href":"https:\/\/reseau.ccfd-terresolidaire.org\/loire-atlantique\/wp-json\/wp\/v2\/types\/post"}],"author":[{"embeddable":true,"href":"https:\/\/reseau.ccfd-terresolidaire.org\/loire-atlantique\/wp-json\/wp\/v2\/users\/4"}],"replies":[{"embeddable":true,"href":"https:\/\/reseau.ccfd-terresolidaire.org\/loire-atlantique\/wp-json\/wp\/v2\/comments?post=9441"}],"version-history":[{"count":1,"href":"https:\/\/reseau.ccfd-terresolidaire.org\/loire-atlantique\/wp-json\/wp\/v2\/posts\/9441\/revisions"}],"predecessor-version":[{"id":9445,"href":"https:\/\/reseau.ccfd-terresolidaire.org\/loire-atlantique\/wp-json\/wp\/v2\/posts\/9441\/revisions\/9445"}],"wp:featuredmedia":[{"embeddable":true,"href":"https:\/\/reseau.ccfd-terresolidaire.org\/loire-atlantique\/wp-json\/wp\/v2\/media\/9443"}],"wp:attachment":[{"href":"https:\/\/reseau.ccfd-terresolidaire.org\/loire-atlantique\/wp-json\/wp\/v2\/media?parent=9441"}],"wp:term":[{"taxonomy":"category","embeddable":true,"href":"https:\/\/reseau.ccfd-terresolidaire.org\/loire-atlantique\/wp-json\/wp\/v2\/categories?post=9441"},{"taxonomy":"post_tag","embeddable":true,"href":"https:\/\/reseau.ccfd-terresolidaire.org\/loire-atlantique\/wp-json\/wp\/v2\/tags?post=9441"}],"curies":[{"name":"wp","href":"https:\/\/api.w.org\/{rel}","templated":true}]}}