{"id":9449,"date":"2025-09-20T16:17:42","date_gmt":"2025-09-20T14:17:42","guid":{"rendered":"https:\/\/reseau.ccfd-terresolidaire.org\/loire-atlantique\/?p=9449"},"modified":"2025-09-20T16:32:14","modified_gmt":"2025-09-20T14:32:14","slug":"1500-visiteurs-a-la-rencontre-du-ccfd-terre-solidaire","status":"publish","type":"post","link":"https:\/\/reseau.ccfd-terresolidaire.org\/loire-atlantique\/2025\/09\/20\/1500-visiteurs-a-la-rencontre-du-ccfd-terre-solidaire\/","title":{"rendered":"1500 visiteurs \u00e0 la rencontre du CCFD-Terre Solidaire"},"content":{"rendered":"\n<p style=\"font-size:19px\"><strong><span style=\"color:#ff671f\" class=\"has-inline-color\">Terres souill\u00e9es, corps bless\u00e9s : un mois d\u2019engagement et de sensibilisation \u00e0 Cosmopolis<\/span><\/strong><\/p>\n\n\n\n<p>Du 5 juin jusqu\u2019au 13 juillet 2025, Cosmopolis a accueilli l\u2019exposition <em>\u00ab <\/em><strong>Terres souill\u00e9es, corpsbless\u00e9s<\/strong><em> \u00bb<\/em>, un lieu culturel dont la mission est d\u2019offrir une ouverture sur les cultures du monde et un regard sur la diversit\u00e9 au c\u0153ur de la ville. Choisit pour sa visibilit\u00e9 strat\u00e9gique, qui permet de toucher un public vari\u00e9 et d\u2019assurer la bonne fr\u00e9quentation de l\u2019\u00e9v\u00e8nement.<br>Un \u00e9v\u00e9nement majeur port\u00e9 par <strong>le CCFD-Terre Solidaire<\/strong> et ses partenaires pour sensibiliser aux cons\u00e9quences de l\u2019extractivisme dans les pays andins et ailleurs. Ce mois d\u2019animation intense a m\u00eal\u00e9 exposition photographique, visites guid\u00e9es, conf\u00e9rences, d\u00e9bats et ateliers ludiques, rassemblant un public diversifi\u00e9 : Adultes, jeunes, lyc\u00e9ens, \u00e9tudiants, b\u00e9n\u00e9voles et simples visiteurs.<\/p>\n\n\n\n<p><strong><span style=\"color:#ff671f\" class=\"has-inline-color\">Au C\u0153ur de l&rsquo;Exposition : La Dure R\u00e9alit\u00e9 Mini\u00e8re<\/span><\/strong><br>Au c\u0153ur de cette exposition, les photographies d\u2019<strong>Alessandro Cinque<\/strong>, laur\u00e9at du Prix Photo Terre Solidaire, r\u00e9v\u00e8lent la dure r\u00e9alit\u00e9 des populations confront\u00e9es \u00e0 l\u2019exploitation mini\u00e8re dans les pays andins, notamment au <strong>P\u00e9rou, en Bolivie, en \u00c9quateur et en Argentine<\/strong>. Ses clich\u00e9s t\u00e9moignent des corps bless\u00e9s, des villages d\u00e9vast\u00e9s et des paysages meurtris par l\u2019activit\u00e9 extractiviste qui enrichit les multinationales tout en d\u00e9truisant la vie des communaut\u00e9s locales. \u00c0 travers ses images, il donne \u00e0 voir la souffrance des habitants expos\u00e9s \u00e0 la pollution des sols, \u00e0 la contamination des cours d\u2019eau et \u00e0 l\u2019accaparement de leurs terres, les privant de leurs moyens de subsistance traditionnels. L\u2019exposition, visible jusqu\u2019au 13 juillet, met ainsi en lumi\u00e8re l\u2019envers de la production des m\u00e9taux pr\u00e9cieux et des composants utilis\u00e9s dans la technologie mondiale, au prix de vies humaines et de territoires sacrifi\u00e9s.<br>Tout au long du mois, des visites guid\u00e9es \u00e9taient organis\u00e9es chaque soir avant les conf\u00e9rences, anim\u00e9es par une \u00e9quipe de b\u00e9n\u00e9voles, de stagiaire et Volontaire mobilis\u00e9s pour accueillir le public. Ces visites permettaient un accompagnement personnalis\u00e9 et des explications d\u00e9taill\u00e9es sur les r\u00e9alit\u00e9s de l\u2019extractivisme et les histoires port\u00e9es par chaque photo.<\/p>\n\n\n\n<p><strong><span style=\"color:#ff671f\" class=\"has-inline-color\">Une Programmation Riche et Engag\u00e9e : Moments Cl\u00e9s<\/span><\/strong><br>Voici quelques-uns des moments forts qui ont marqu\u00e9 cet \u00e9v\u00e9nement :<br>Inauguration : Le 5 juin, l&rsquo;exposition a \u00e9t\u00e9 inaugur\u00e9e, marqu\u00e9e par un mot d\u2019accueil suivi d\u2019une visite guid\u00e9e anim\u00e9e par <strong>Matthieu Chanut <\/strong>responsable des projets culturels au CCFD-Terre solidaire et le discours de l\u2019Elu. Cette soir\u00e9e inaugurale s\u2019est termin\u00e9e par un verre de l\u2019amiti\u00e9, permettant aux participants d\u2019\u00e9changer autour des photographies et du th\u00e8me central de l\u2019exposition.<br><strong>Le mur de paroles<\/strong>\u00a0: C\u2019est un espace d\u2019expression collective qui favorise le partage et la r\u00e9flexion, qui a permis aux participants d\u2019exprimer leurs ressentis, leurs r\u00e9flexions etleurs engagements en lien avec la cause d\u00e9fendue.<br><strong>Animation participative<\/strong> : Le 7 juin, un apr\u00e8s-midi jeu autour du mur de paroles questionn\u00e9 de mani\u00e8re provocatrice : \u00ab <strong>Les ressources de la plan\u00e8te peuvent-elles \u00eatre privatis\u00e9es au profit d\u2019une entreprise <\/strong>? \u00bb, stimulant une belle r\u00e9flexion sur la propri\u00e9t\u00e9 des terres et la justice environnementale.<br><strong>Po\u00e9sie et Sensibilisation<\/strong> : Le 10 juin, deux spectacles ont abord\u00e9 les enjeux de l&rsquo;exploitation de la nature de mani\u00e8re accessible : l&rsquo;un adapt\u00e9 de L\u2019Arbre g\u00e9n\u00e9reux de Shel Silverstein, et l&rsquo;autre, Soliluna de la compagnie Armadillo, racontant la cr\u00e9ation du monde.<br><strong>La Barbarie Num\u00e9rique<\/strong> : Le 12 juin, le sociologue <strong>Fabien Lebrun<\/strong> a tenu une conf\u00e9rence percutante, \u00ab La barbarie num\u00e9rique \u00bb, mettant en lumi\u00e8re la trag\u00e9die congolaise, c\u0153ur des industries num\u00e9riques mondiales. Il a d\u00e9nonc\u00e9 sans d\u00e9tour la r\u00e9alit\u00e9 : \u00ab 30 ans de num\u00e9rique, ce sont 30 ans de morts congolais et de terres mortes au Congo. \u00bb<br><strong>T\u00e9moignages Poignants<\/strong> : Le 17 juin, la pi\u00e8ce \u00ab Requiem pour un Smartphone \u00bb de la compagnie Bulles de Zinc\u00a0! mis en sc\u00e8ne par <strong>Emmanuel Lambert <\/strong>a plong\u00e9 le public dans le quotidien des mineurs congolais, invitant \u00e0 r\u00e9fl\u00e9chir aux cons\u00e9quences humaines et \u00e9cologiques de notre hyper connexion.<br><strong>Luttes Citoyennes<\/strong> : Le 19 juin, <strong>Sophia DAGNA<\/strong>, responsable des campagnes extractivisme au CCFD-Terre Solidaire, est intervenue en visioconf\u00e9rence pour partager des exemples de luttes citoyennes victorieuses, comme la loi sur le devoir de vigilance en France et en Europe.<br><strong>Consommation Responsable<\/strong> : Le 25 juin, des lyc\u00e9ens ont particip\u00e9 \u00e0 une visite guid\u00e9e et \u00e0 l&rsquo;atelier \u00ab <strong>Mon portable autour du monde<\/strong> \u00bb permettant de comprendre le parcours des mat\u00e9riaux entrant dans la fabrication des t\u00e9l\u00e9phones portables et leurs impacts sociaux et environnementaux pour comprendre les parcours des mat\u00e9riaux, \u00e9largissant leur r\u00e9flexion sur la consommation responsable.<br><strong>Agir Ici, Contre l&rsquo;Extractivisme L\u00e0-Bas<\/strong> : Le 26 juin, la conf\u00e9rence anim\u00e9e par <strong>Sophie Jailler<\/strong> Alternatiba, Stop Total en mettant l\u2019accent sur l&rsquo;importance des alliances locales et internationales, soulevant la question cruciale : \u00ab Quel r\u00f4le pouvons-nous jouer dans ce combat\u00a0?<br><strong>Droit au Consentement<\/strong> : Le 28 juin, l&rsquo;atelier ludique du CLIP <em>\u00ab Consentement libre, inform\u00e9 et pr\u00e9alable \u00bb<\/em>, qui aborde le droit des peuples \u00e0 disposer d\u2019eux-m\u00eames et \u00e0 \u00eatre consult\u00e9s avant tout projet impactant leurs territoires. Cette animation a donn\u00e9 lieu \u00e0 une discussion collective enrichissante avec les participants.<\/p>\n\n\n\n<ul><li><strong>L&rsquo;Extractivisme Ordinaire<\/strong> : Le 3 juillet, une conf\u00e9rence intitul\u00e9e \u00ab L\u2019extractivisme ordinaire : mine de rien \u00bb a r\u00e9uni des associations locales pour discuter des impacts de l&rsquo;extraction de sable en France, montrant que l\u2019extractivisme ne concerne pas uniquement les pays du Sud, mais aussi nos territoires proches.<\/li><\/ul>\n\n\n\n<p><strong><span style=\"color:#ff671f\" class=\"has-inline-color\">Un Appel \u00e0 la Conscience Collective<\/span><\/strong><\/p>\n\n\n\n<p>Au-del\u00e0 des images poignantes, des conf\u00e9rences \u00e9clairantes, des spectacles engag\u00e9s et des ateliers ludiques, <em>\u00ab <strong>Terres souill\u00e9es, corps bless\u00e9s<\/strong> \u00bb<\/em> nous invites \u00e0 ouvrir les yeux sur une r\u00e9alit\u00e9 trop souvent ignor\u00e9e : celle de millions de personnes dont la vie est boulevers\u00e9e par l\u2019extractivisme, au P\u00e9rou, en Bolivie, en Equateur en Argentine, en R\u00e9publique d\u00e9mocratique du Congo et ailleurs.<\/p>\n\n\n\n<p>Plus qu&rsquo;un programme d&rsquo;activit\u00e9s, cette expo a \u00e9t\u00e9 un v\u00e9ritable temps de r\u00e9flexion collective, favorisant la rencontre des savoirs, exp\u00e9riences et engagements citoyens. Cet \u00e9v\u00e9nement \u00e0 Nantes nous rappelle que derri\u00e8re chaque bijou, chaque t\u00e9l\u00e9phone ou chaque voiture \u00e9lectrique, se cachent souvent des terres contamin\u00e9es, des peuples d\u00e9poss\u00e9d\u00e9s et des droits bafou\u00e9s.<\/p>\n\n\n\n<p>Cet engagement d&rsquo;un mois a soulign\u00e9 qu&rsquo;il appartient \u00e0 chacun de s&rsquo;informer, repenser ses habitudes, soutenir des causes justes et interpeller les d\u00e9cideurs pour b\u00e2tir un mod\u00e8le \u00e9conomique plus respectueux. Car derri\u00e8re chaque geste, se trouve la possibilit\u00e9 d&rsquo;un changement concret pour un monde o\u00f9 aucune terre ne soit souill\u00e9e, o\u00f9 aucun corps ne soit bless\u00e9, et o\u00f9 chaque vie soit respect\u00e9e.<\/p>\n\n\n\n<p>Un manifeste \u00e9tait propos\u00e9 \u00e0 la signature pour marquer un soutien symbolique, pour dire non aux abus des multinationales, dont 47 signatures.<\/p>\n\n\n\n<p>L&rsquo;exposition s\u2019est cl\u00f4tur\u00e9e hier <strong>10 juillet \u00e0 19h <\/strong>&nbsp;avec des remerciements aux partenaires, et un dernier verre de l&rsquo;amiti\u00e9.<\/p>\n","protected":false},"excerpt":{"rendered":"<p>Terres souill\u00e9es, corps bless\u00e9s : un mois d\u2019engagement et de sensibilisation \u00e0 Cosmopolis Du 5 juin jusqu\u2019au 13 juillet 2025, Cosmopolis a accueilli l\u2019exposition \u00ab Terres souill\u00e9es, corpsbless\u00e9s \u00bb, un lieu culturel dont la mission est d\u2019offrir une ouverture sur les cultures du monde et un regard sur la diversit\u00e9 au c\u0153ur de la ville&#8230;.<\/p>\n","protected":false},"author":4,"featured_media":9451,"comment_status":"closed","ping_status":"closed","sticky":false,"template":"","format":"standard","meta":[],"categories":[1],"tags":[],"_links":{"self":[{"href":"https:\/\/reseau.ccfd-terresolidaire.org\/loire-atlantique\/wp-json\/wp\/v2\/posts\/9449"}],"collection":[{"href":"https:\/\/reseau.ccfd-terresolidaire.org\/loire-atlantique\/wp-json\/wp\/v2\/posts"}],"about":[{"href":"https:\/\/reseau.ccfd-terresolidaire.org\/loire-atlantique\/wp-json\/wp\/v2\/types\/post"}],"author":[{"embeddable":true,"href":"https:\/\/reseau.ccfd-terresolidaire.org\/loire-atlantique\/wp-json\/wp\/v2\/users\/4"}],"replies":[{"embeddable":true,"href":"https:\/\/reseau.ccfd-terresolidaire.org\/loire-atlantique\/wp-json\/wp\/v2\/comments?post=9449"}],"version-history":[{"count":2,"href":"https:\/\/reseau.ccfd-terresolidaire.org\/loire-atlantique\/wp-json\/wp\/v2\/posts\/9449\/revisions"}],"predecessor-version":[{"id":9457,"href":"https:\/\/reseau.ccfd-terresolidaire.org\/loire-atlantique\/wp-json\/wp\/v2\/posts\/9449\/revisions\/9457"}],"wp:featuredmedia":[{"embeddable":true,"href":"https:\/\/reseau.ccfd-terresolidaire.org\/loire-atlantique\/wp-json\/wp\/v2\/media\/9451"}],"wp:attachment":[{"href":"https:\/\/reseau.ccfd-terresolidaire.org\/loire-atlantique\/wp-json\/wp\/v2\/media?parent=9449"}],"wp:term":[{"taxonomy":"category","embeddable":true,"href":"https:\/\/reseau.ccfd-terresolidaire.org\/loire-atlantique\/wp-json\/wp\/v2\/categories?post=9449"},{"taxonomy":"post_tag","embeddable":true,"href":"https:\/\/reseau.ccfd-terresolidaire.org\/loire-atlantique\/wp-json\/wp\/v2\/tags?post=9449"}],"curies":[{"name":"wp","href":"https:\/\/api.w.org\/{rel}","templated":true}]}}