{"id":9463,"date":"2025-09-28T08:38:27","date_gmt":"2025-09-28T06:38:27","guid":{"rendered":"https:\/\/reseau.ccfd-terresolidaire.org\/loire-atlantique\/?p=9463"},"modified":"2025-09-28T08:38:27","modified_gmt":"2025-09-28T06:38:27","slug":"assemblee-regionale-pays-de-loire","status":"publish","type":"post","link":"https:\/\/reseau.ccfd-terresolidaire.org\/loire-atlantique\/2025\/09\/28\/assemblee-regionale-pays-de-loire\/","title":{"rendered":"Assembl\u00e9e R\u00e9gionale Pays de Loire"},"content":{"rendered":"\n<p class=\"has-normal-font-size\">@ccfd\/Terre Solidaire<\/p>\n\n\n\n<p style=\"font-size:21px\"><strong><span style=\"color:#ff671f\" class=\"has-inline-color\">Un week-end pour mieux comprendre l\u2019Agro\u00e9cologie Paysanne et Solidaire<\/span><\/strong><\/p>\n\n\n\n<p><strong>11 et 12 octobre 2025 , samedi de 10h \u00e0 20h et dimanche de 9h \u00e0 16h30 au Lyc\u00e9e St F\u00e9lix La Salle \u00e0 Nantes, 14 rue du Ballet.<\/strong><\/p>\n\n\n\n<p><strong><span style=\"color:#ff671f\" class=\"has-inline-color\">Samedi<\/span><\/strong> : 10h Rencontre d\u2019acteurs de l\u2019agriculture Urbaine : 3 aux choix<br>13h00 Repas \u00e0 la Cocotte Solidaire, \u00cele Versailles *<br>14h30 D\u00e9but de l\u2019Assembl\u00e9e R\u00e9gionale au lyc\u00e9e St F\u00e9lix la Salle<br>14h45 Retour de l&rsquo;Assembl\u00e9e G\u00e9n\u00e9rale<br>15h30 Mise en valeur Commission Axes Th\u00e9matiques et mandats<br>16h35 Intervention du Bureau National<br>17h Pr\u00e9sentation du budget R\u00e9gional<br>17h30 \u00c9lection Commission Partenariat International, d\u00e9l\u00e9gu\u00e9.e.s \u00e0<br>l\u2019Assembl\u00e9e G\u00e9n\u00e9rale et tr\u00e9sorier.\u00e8re r\u00e9gional.e (Appel \u00e0 Candidature)<br>18h pause<br>18h15 C\u00e9l\u00e9bration<br>19h15 ap\u00e9ro convivial offert<br>19h45 <strong>Repas traiteur pr\u00e9vu sur place, sur inscription * (lien sur le flyer ci-dessous)<br>H\u00e9bergement \u00e0 Nantes, sur place, sur inscription<\/strong><\/p>\n\n\n\n<p><strong><span style=\"color:#ff671f\" class=\"has-inline-color\">Dimanche<\/span><\/strong><br>9h Formation \u00e0 la Souverainet\u00e9 Alimentaire et Agro\u00e9cologie multiniveau : Formation initiale (module 1 et 2) (n&rsquo;h\u00e9sitez pas a r\u00e9viser avant la journ\u00e9e<\/p>\n\n\n\n<p>Atelier d\u2019approfondissement<br>12h 30 <strong>Repas traiteur pr\u00e9vu sur place, sur inscription *<\/strong> <strong>(lien sur le flyer ci-dessous)<\/strong><br>14h Passage \u00e0 l\u2019Action : o\u00f9 et comment agir \u00e0 notre niveau ?<br>16h30 Fin<\/p>\n\n\n\n<p>Le prix des repas s&rsquo;\u00e9l\u00e8ve \u00e0 10\u20ac , une participation minimale de 5\u20ac vous sera demand\u00e9e (Le budget r\u00e9gional prendra en charge le compl\u00e9ment)<br>L\u2019AR a lieu au Lyc\u00e9e St F\u00e9lix La Salle, parking gratuit pr\u00e8s des Facs (chemin de la Censive du Tertre). Prendre le<br>tram \u00e0 l\u2019arr\u00eat Facult\u00e9s, Descendre \u00e0 l&rsquo;arr\u00eat Saint-F\u00e9lix et prendre la rue du Ballet au carrefour (Tram et bus gratuits \u00e0 Nantes tout le week-end).<\/p>\n\n\n\n<p><a href=\"https:\/\/reseau.ccfd-terresolidaire.org\/loire-atlantique\/wp-content\/uploads\/sites\/2\/2025\/09\/flyerARcorrige.pdf\" target=\"_blank\" rel=\"noreferrer noopener\">voir l&rsquo;invitation<\/a><\/p>\n\n\n\n<p> <br><\/p>\n","protected":false},"excerpt":{"rendered":"<p>@ccfd\/Terre Solidaire Un week-end pour mieux comprendre l\u2019Agro\u00e9cologie Paysanne et Solidaire 11 et 12 octobre 2025 , samedi de 10h \u00e0 20h et dimanche de 9h \u00e0 16h30 au Lyc\u00e9e St F\u00e9lix La Salle \u00e0 Nantes, 14 rue du Ballet. Samedi : 10h Rencontre d\u2019acteurs de l\u2019agriculture Urbaine : 3 aux choix13h00 Repas \u00e0 la&#8230;<\/p>\n","protected":false},"author":4,"featured_media":9465,"comment_status":"closed","ping_status":"closed","sticky":false,"template":"","format":"standard","meta":[],"categories":[14],"tags":[],"_links":{"self":[{"href":"https:\/\/reseau.ccfd-terresolidaire.org\/loire-atlantique\/wp-json\/wp\/v2\/posts\/9463"}],"collection":[{"href":"https:\/\/reseau.ccfd-terresolidaire.org\/loire-atlantique\/wp-json\/wp\/v2\/posts"}],"about":[{"href":"https:\/\/reseau.ccfd-terresolidaire.org\/loire-atlantique\/wp-json\/wp\/v2\/types\/post"}],"author":[{"embeddable":true,"href":"https:\/\/reseau.ccfd-terresolidaire.org\/loire-atlantique\/wp-json\/wp\/v2\/users\/4"}],"replies":[{"embeddable":true,"href":"https:\/\/reseau.ccfd-terresolidaire.org\/loire-atlantique\/wp-json\/wp\/v2\/comments?post=9463"}],"version-history":[{"count":1,"href":"https:\/\/reseau.ccfd-terresolidaire.org\/loire-atlantique\/wp-json\/wp\/v2\/posts\/9463\/revisions"}],"predecessor-version":[{"id":9467,"href":"https:\/\/reseau.ccfd-terresolidaire.org\/loire-atlantique\/wp-json\/wp\/v2\/posts\/9463\/revisions\/9467"}],"wp:featuredmedia":[{"embeddable":true,"href":"https:\/\/reseau.ccfd-terresolidaire.org\/loire-atlantique\/wp-json\/wp\/v2\/media\/9465"}],"wp:attachment":[{"href":"https:\/\/reseau.ccfd-terresolidaire.org\/loire-atlantique\/wp-json\/wp\/v2\/media?parent=9463"}],"wp:term":[{"taxonomy":"category","embeddable":true,"href":"https:\/\/reseau.ccfd-terresolidaire.org\/loire-atlantique\/wp-json\/wp\/v2\/categories?post=9463"},{"taxonomy":"post_tag","embeddable":true,"href":"https:\/\/reseau.ccfd-terresolidaire.org\/loire-atlantique\/wp-json\/wp\/v2\/tags?post=9463"}],"curies":[{"name":"wp","href":"https:\/\/api.w.org\/{rel}","templated":true}]}}