{"id":9495,"date":"2025-10-20T18:13:58","date_gmt":"2025-10-20T16:13:58","guid":{"rendered":"https:\/\/reseau.ccfd-terresolidaire.org\/loire-atlantique\/?p=9495"},"modified":"2025-11-14T15:22:18","modified_gmt":"2025-11-14T14:22:18","slug":"journee-departementale-du-ccfd-terre-solidaire","status":"publish","type":"post","link":"https:\/\/reseau.ccfd-terresolidaire.org\/loire-atlantique\/2025\/10\/20\/journee-departementale-du-ccfd-terre-solidaire\/","title":{"rendered":"Journ\u00e9e dioc\u00e9saine du CCFD-Terre Solidaire"},"content":{"rendered":"\n<p class=\"has-medium-font-size\"><span style=\"color:#ff671f\" class=\"has-inline-color\"><strong>SOUVERAINET\u00c9 ALIMENTAIRE L\u2019AGRO\u00c9COLOGIE PAYSANNE &amp; SOLIDAIRE ICI ET L\u00c0-BAS. <\/strong><\/span><\/p>\n\n\n\n<p><strong>Ouverte \u00e0 toutes et tous<\/strong><\/p>\n\n\n\n<p>En pr\u00e9sence de notre \u00c9v\u00eaque<\/p>\n\n\n\n<p><strong>SAMEDI 29 NOVEMBRE 2025<\/strong><br><strong>9 H &#8211; 17 HEURES (Pique-nique tir\u00e9 du sac)<\/strong><br><strong>LYC\u00c9E ST-DOMINIQUE &#8211; ST-HERBLAIN 44800 &#8211; 103 avenue de Cheverny<\/strong><\/p>\n\n\n\n<p><strong><u>Au programme\u00a0:<\/u><\/strong><br><strong><u>Matin\u00a0:<\/u><\/strong><br>9h\u00a0: Accueil Caf\u00e9<br>9h30-10h30 :<br> Temps d\u2019informations g\u00e9n\u00e9rales<br>Campagne de Car\u00eame, interventions dans le milieu scolaire etc\u2026.<br>10h30 : Pause-Caf\u00e9 + animation du porteur de parole (sur la souverainet\u00e9 alimentaire).<br>11h : Pr\u00e9sentation de 1<sup>er<\/sup> observatoire de la souverainet\u00e9 alimentaire<\/p>\n\n\n\n<p>12 h Pique-nique tir\u00e9 du sac<\/p>\n\n\n\n<p><strong><u>Apr\u00e8s-midi :<\/u><\/strong><br>14h\u00a0: Proc\u00e8s th\u00e9\u00e2tralis\u00e9 de l\u2019agro\u00e9cologie<br>15h30 : Pr\u00e9sentation des assises sur la souverainet\u00e9 alimentaire &#8211; \u00ab Nourrir le monde ou nourrir le territoire\u00a0?<br>16h\u00a0: C\u00e9l\u00e9bration pr\u00e9sid\u00e9e par Laurent Percerou, \u00c9v\u00eaque du Dioc\u00e8se de Nantes<\/p>\n\n\n\n<p><a href=\"https:\/\/reseau.ccfd-terresolidaire.org\/loire-atlantique\/wp-content\/uploads\/sites\/2\/2025\/10\/CCFD-Nantes_FORMATION-AGROECOLOGIE-Paysanne-solidaire-29-11-2025_A4.pdf\">Voir l&rsquo;invitation<\/a><\/p>\n","protected":false},"excerpt":{"rendered":"<p>SOUVERAINET\u00c9 ALIMENTAIRE L\u2019AGRO\u00c9COLOGIE PAYSANNE &amp; SOLIDAIRE ICI ET L\u00c0-BAS. Ouverte \u00e0 toutes et tous En pr\u00e9sence de notre \u00c9v\u00eaque SAMEDI 29 NOVEMBRE 20259 H &#8211; 17 HEURES (Pique-nique tir\u00e9 du sac)LYC\u00c9E ST-DOMINIQUE &#8211; ST-HERBLAIN 44800 &#8211; 103 avenue de Cheverny Au programme\u00a0:Matin\u00a0:9h\u00a0: Accueil Caf\u00e99h30-10h30 : Temps d\u2019informations g\u00e9n\u00e9ralesCampagne de Car\u00eame, interventions dans le milieu scolaire&#8230;<\/p>\n","protected":false},"author":4,"featured_media":8479,"comment_status":"closed","ping_status":"closed","sticky":false,"template":"","format":"standard","meta":[],"categories":[14],"tags":[],"_links":{"self":[{"href":"https:\/\/reseau.ccfd-terresolidaire.org\/loire-atlantique\/wp-json\/wp\/v2\/posts\/9495"}],"collection":[{"href":"https:\/\/reseau.ccfd-terresolidaire.org\/loire-atlantique\/wp-json\/wp\/v2\/posts"}],"about":[{"href":"https:\/\/reseau.ccfd-terresolidaire.org\/loire-atlantique\/wp-json\/wp\/v2\/types\/post"}],"author":[{"embeddable":true,"href":"https:\/\/reseau.ccfd-terresolidaire.org\/loire-atlantique\/wp-json\/wp\/v2\/users\/4"}],"replies":[{"embeddable":true,"href":"https:\/\/reseau.ccfd-terresolidaire.org\/loire-atlantique\/wp-json\/wp\/v2\/comments?post=9495"}],"version-history":[{"count":2,"href":"https:\/\/reseau.ccfd-terresolidaire.org\/loire-atlantique\/wp-json\/wp\/v2\/posts\/9495\/revisions"}],"predecessor-version":[{"id":9546,"href":"https:\/\/reseau.ccfd-terresolidaire.org\/loire-atlantique\/wp-json\/wp\/v2\/posts\/9495\/revisions\/9546"}],"wp:featuredmedia":[{"embeddable":true,"href":"https:\/\/reseau.ccfd-terresolidaire.org\/loire-atlantique\/wp-json\/wp\/v2\/media\/8479"}],"wp:attachment":[{"href":"https:\/\/reseau.ccfd-terresolidaire.org\/loire-atlantique\/wp-json\/wp\/v2\/media?parent=9495"}],"wp:term":[{"taxonomy":"category","embeddable":true,"href":"https:\/\/reseau.ccfd-terresolidaire.org\/loire-atlantique\/wp-json\/wp\/v2\/categories?post=9495"},{"taxonomy":"post_tag","embeddable":true,"href":"https:\/\/reseau.ccfd-terresolidaire.org\/loire-atlantique\/wp-json\/wp\/v2\/tags?post=9495"}],"curies":[{"name":"wp","href":"https:\/\/api.w.org\/{rel}","templated":true}]}}