{"id":9501,"date":"2025-10-20T18:26:53","date_gmt":"2025-10-20T16:26:53","guid":{"rendered":"https:\/\/reseau.ccfd-terresolidaire.org\/loire-atlantique\/?p=9501"},"modified":"2025-10-20T18:27:09","modified_gmt":"2025-10-20T16:27:09","slug":"entre-le-ciel-et-la-mer-la-vie-des-personnes-deplacees-sur-les-cotes-de-gaza","status":"publish","type":"post","link":"https:\/\/reseau.ccfd-terresolidaire.org\/loire-atlantique\/2025\/10\/20\/entre-le-ciel-et-la-mer-la-vie-des-personnes-deplacees-sur-les-cotes-de-gaza\/","title":{"rendered":"\u00ab\u00a0Entre le ciel et la mer &#8211; la vie des personnes d\u00e9plac\u00e9es sur les c\u00f4tes de Gaza\u00a0\u00bb"},"content":{"rendered":"\n<p><strong>Une perspective intime et humaine, mettant en avant l&rsquo;espoir et la r\u00e9silience malgr\u00e9 les difficult\u00e9s rencontr\u00e9es.<\/strong><\/p>\n\n\n\n<p style=\"font-size:28px\"><strong><span style=\"color:#ff671f\" class=\"has-inline-color\">Une exposition de 14 photos in\u00e9dites sur les c\u00f4tes de Gaza.<\/span><\/strong><\/p>\n\n\n\n<p style=\"font-size:21px\"><strong>A l&rsquo;espace Solidaire, 17 rue du Moulin &#8211; Nantes (face au parking Decr\u00e9)<\/strong><\/p>\n\n\n\n<p><strong><span style=\"color:#ff671f\" class=\"has-inline-color\">Ismail Abu Hatab<\/span><\/strong> est un photojournaliste, cin\u00e9aste et conteur visuel palestinien bas\u00e9 \u00e0 Gaza.<\/p>\n\n\n\n<p>Il est le fondateur de BYPA &#8211; By Palestine, une plateforme qui amplifie les voix palestiniennes par le biais de la photographie, du cin\u00e9ma et d&rsquo;expositions internationales.<\/p>\n\n\n\n<p>\u00ab <strong><em>J\u2019ai la conviction que chaque image raconte une histoire, et que chaque histoire peut provoquer un changement<\/em>.<\/strong> \u00bb C\u2019est en ces termes qu\u2019Ismail Abu Hatab parlait de son engagement professionnel. Il travaillait sur son dernier projet, intitul\u00e9 Between the Sky and the Sea, lorsqu\u2019il a \u00e9t\u00e9 <strong><span style=\"color:#ff671f\" class=\"has-inline-color\">tu\u00e9, le 30 juin 2025, par une frappe isra\u00e9lienne sur le caf\u00e9 Al-Baqa<\/span><\/strong>. Ce lieu embl\u00e9matique de Gaza \u00e9tait devenu son repaire, depuis que ses bureaux et sa maison avaient \u00e9t\u00e9 d\u00e9truits par la guerre. Le jury du Prix Photo CCFD-Terre Solidaire a d\u00e9cid\u00e9 de lui attribuer un Prix hommage.<\/p>\n\n\n\n<p>En novembre 2023, un mois apr\u00e8s le d\u00e9clenchement du conflit entre Isra\u00ebl et le Hamas, Ismail Abu Hatab est gri\u00e8vement bless\u00e9 \u00e0 la jambe dans le bombardement de la tour Al-Ghafri, \u00e0 Gaza. \u00ab<em> J\u2019ai perdu la capacit\u00e9 de marcher pendant plus d\u2019un an, racontait-il. Durant ma convalescence, avec une b\u00e9quille dans une main et un appareil photo emprunt\u00e9 \u00e0 un ami dans l\u2019autre, je me suis rendu sur la plage de Deir al-Balah. L\u00e0, j\u2019ai rencontr\u00e9 des familles de d\u00e9plac\u00e9s. J\u2019ai commenc\u00e9 \u00e0 documenter leur vie. Ces gens n\u2019ont jamais \u00e9t\u00e9 pour moi des statistiques ni des victimes, mais des \u00eatres humains ayant des noms, des r\u00eaves et une m\u00e9moire.<\/em> \u00bb<\/p>\n\n\n\n<p>Sur les rives de la M\u00e9diterran\u00e9e, entre le ciel et la mer, Ismail Abu Hatab capte l\u2019\u00e2pret\u00e9 du quotidien en temps de guerre. Ces milliers de personnes vivant dans des tentes de fortune, \u00e0 m\u00eame le sable, doivent faire face \u00e0 des conditions de vie sordides, mais aussi aux menaces des attaques a\u00e9riennes et aux ravages de la pollution qui rendent la p\u00eache impossible. Mais malgr\u00e9 l\u2019inqui\u00e9tude et le d\u00e9nuement, malgr\u00e9 la douleur et les difficult\u00e9s, le Palestinien veut montrer \u00ab <strong><em>comment les gens \u2014 en particulier les enfants \u2014 continuent de vivre, de jouer et de s\u2019accrocher \u00e0 l\u2019espoir et \u00e0 la vie <\/em><\/strong>\u00bb. Malgr\u00e9 ces difficult\u00e9s, les habitants de ces r\u00e9gions gardent un profond espoir de survie et font preuve d&rsquo;une remarquable r\u00e9silience face \u00e0 l&rsquo;adversit\u00e9. \u00ab <em><strong>C&rsquo;est ma mani\u00e8re de r\u00e9sister \u00e0 l\u2019oubli et au silence, disait-il, mais aussi de m\u2019exprimer, de raconter ma propre histoire, mon propre passage \u201centre le ciel et la mer\u201d. C\u2019est un cri visuel et humain venu de Gaza, pour que le monde voie ce que l\u2019occupation tente d\u2019effacer.<\/strong><\/em> \u00bb<\/p>\n\n\n\n<p><strong><span style=\"color:#ff671f\" class=\"has-inline-color\">Si la voix d\u2019Ismail Abu Hatab s\u2019est tue \u00e0 jamais, ses images et ses enregistrements, eux, restent.<\/span><\/strong><\/p>\n","protected":false},"excerpt":{"rendered":"<p>Une perspective intime et humaine, mettant en avant l&rsquo;espoir et la r\u00e9silience malgr\u00e9 les difficult\u00e9s rencontr\u00e9es. Une exposition de 14 photos in\u00e9dites sur les c\u00f4tes de Gaza. A l&rsquo;espace Solidaire, 17 rue du Moulin &#8211; Nantes (face au parking Decr\u00e9) Ismail Abu Hatab est un photojournaliste, cin\u00e9aste et conteur visuel palestinien bas\u00e9 \u00e0 Gaza. Il&#8230;<\/p>\n","protected":false},"author":4,"featured_media":9507,"comment_status":"closed","ping_status":"closed","sticky":false,"template":"","format":"standard","meta":[],"categories":[1,2],"tags":[],"_links":{"self":[{"href":"https:\/\/reseau.ccfd-terresolidaire.org\/loire-atlantique\/wp-json\/wp\/v2\/posts\/9501"}],"collection":[{"href":"https:\/\/reseau.ccfd-terresolidaire.org\/loire-atlantique\/wp-json\/wp\/v2\/posts"}],"about":[{"href":"https:\/\/reseau.ccfd-terresolidaire.org\/loire-atlantique\/wp-json\/wp\/v2\/types\/post"}],"author":[{"embeddable":true,"href":"https:\/\/reseau.ccfd-terresolidaire.org\/loire-atlantique\/wp-json\/wp\/v2\/users\/4"}],"replies":[{"embeddable":true,"href":"https:\/\/reseau.ccfd-terresolidaire.org\/loire-atlantique\/wp-json\/wp\/v2\/comments?post=9501"}],"version-history":[{"count":1,"href":"https:\/\/reseau.ccfd-terresolidaire.org\/loire-atlantique\/wp-json\/wp\/v2\/posts\/9501\/revisions"}],"predecessor-version":[{"id":9503,"href":"https:\/\/reseau.ccfd-terresolidaire.org\/loire-atlantique\/wp-json\/wp\/v2\/posts\/9501\/revisions\/9503"}],"wp:featuredmedia":[{"embeddable":true,"href":"https:\/\/reseau.ccfd-terresolidaire.org\/loire-atlantique\/wp-json\/wp\/v2\/media\/9507"}],"wp:attachment":[{"href":"https:\/\/reseau.ccfd-terresolidaire.org\/loire-atlantique\/wp-json\/wp\/v2\/media?parent=9501"}],"wp:term":[{"taxonomy":"category","embeddable":true,"href":"https:\/\/reseau.ccfd-terresolidaire.org\/loire-atlantique\/wp-json\/wp\/v2\/categories?post=9501"},{"taxonomy":"post_tag","embeddable":true,"href":"https:\/\/reseau.ccfd-terresolidaire.org\/loire-atlantique\/wp-json\/wp\/v2\/tags?post=9501"}],"curies":[{"name":"wp","href":"https:\/\/api.w.org\/{rel}","templated":true}]}}